{"id":8814,"date":"2023-05-05T13:20:33","date_gmt":"2023-05-05T13:20:33","guid":{"rendered":"https:\/\/bosniauknetwork.org\/predstavnici-bh-zajednice-na-krunidbi-njegovog-velicanstva-kralja-charles\/"},"modified":"2023-05-05T13:20:33","modified_gmt":"2023-05-05T13:20:33","slug":"predstavnici-bh-zajednice-na-krunidbi-njegovog-velicanstva-kralja-charles","status":"publish","type":"post","link":"https:\/\/bosniauknetwork.org\/bs\/predstavnici-bh-zajednice-na-krunidbi-njegovog-velicanstva-kralja-charles\/","title":{"rendered":"Predstavnici bh zajednice na krunidbi Njegovog Veli\u010danstva Kralja Charles III"},"content":{"rendered":"<div class=\"xdj266r x11i5rnm xat24cr x1mh8g0r x1vvkbs x126k92a\">\n<div dir=\"auto\">Sanela Saracevic Huji\u0107 kao predstavnik bosanskohercegova\u010dkog udru\u017eenja Coventry imala je \u010dast da bude dio Holocaust Memorijalnog dana koji je odr\u017ean danas u Lauderdale House, London, uz \u00a0prisustvo Kraljevskog Viso\u010danstvo Vojvode od Glostera. Manifestaciji su prisustvovali i \u00a0Sabit Jakupovi\u0107 i Safet Vukali\u0107, dogogodi\u0161nji aktivnisti bh zajednice na Ostrvu.<\/div>\n<\/div>\n<div class=\"x11i5rnm xat24cr x1mh8g0r x1vvkbs xtlvy1s x126k92a\">\n<div dir=\"auto\"><a class=\"dt-pswp-item\" href=https:\/\/bosniauknetwork.org\/wp-content\/uploads\/2023\/05\/343092309_1193165841318749_5615165327436380722_n.jpg\" data-dt-img-description=\"\" data-large_image_width=\"1024\" data-large_image_height=\"768\"><img fetchpriority=\"high\" class=\"alignnone size-full wp-image-8816\" src=https:\/\/bosniauknetwork.org\/wp-content\/uploads\/2023\/05\/343092309_1193165841318749_5615165327436380722_n.jpg\" alt=\"\" width=\"1024\" height=\"768\" \/><\/a>Ovo je samo jedna od mnogobrojnih ceremonija koja se ovog vikenda organizira u Velikoj Britaniji povodom krunidbe Njegovog Veli\u010danstva Kralja Charles |||. Nakon ceremonije prisutni su podjelili razne \u017eivotne pri\u010de kako su pre\u017eivjeli velika stradanja i kako su ponovno uspjeli ponovo izgraditi svoje \u017eivote u Velikoj Britanij.<\/div>\n<\/div>\n<div class=\"x11i5rnm xat24cr x1mh8g0r x1vvkbs xtlvy1s x126k92a\">\n<div dir=\"auto\"><a class=\"dt-pswp-item\" href=https:\/\/bosniauknetwork.org\/wp-content\/uploads\/2023\/05\/342599684_265123845935469_1522622779442434379_n-1.jpg\" data-dt-img-description=\"\" data-large_image_width=\"1536\" data-large_image_height=\"2048\"><img class=\"alignnone size-full wp-image-8817\" src=https:\/\/bosniauknetwork.org\/wp-content\/uploads\/2023\/05\/342599684_265123845935469_1522622779442434379_n-1.jpg\" alt=\"\" width=\"1536\" height=\"2048\" \/><\/a><\/div>\n<div dir=\"auto\">Sredi\u0161nji dio Coronation Tea Party\/ja bila je \u00a0nevjerovatna komemorativna skulptura vo\u0107a koja \u00a0koju je dizajnirao\u00a0Var Ashe Houston BEM, pre\u017eivjeli genocida u Cambodia.<\/div>\n<\/div>\n<div dir=\"auto\">BH Asocijacija Coventry<\/div>\n<div dir=\"auto\"><a class=\"dt-pswp-item\" href=https:\/\/bosniauknetwork.org\/wp-content\/uploads\/2023\/05\/342847903_618409856863040_5296004109828770324_n.jpg\" data-dt-img-description=\"\" data-large_image_width=\"1600\" data-large_image_height=\"1066\"><img class=\"alignnone size-full wp-image-8818\" src=https:\/\/bosniauknetwork.org\/wp-content\/uploads\/2023\/05\/342847903_618409856863040_5296004109828770324_n.jpg\" alt=\"\" width=\"1600\" height=\"1066\" \/><\/a><\/div>\n<div dir=\"auto\"><\/div>\n<div dir=\"auto\"><a class=\"dt-pswp-item\" href=https:\/\/bosniauknetwork.org\/wp-content\/uploads\/2023\/05\/342885223_203137655849273_6414423904217717354_n.jpg\" data-dt-img-description=\"\" data-large_image_width=\"768\" data-large_image_height=\"1024\"><img loading=\"lazy\" class=\"alignnone size-full wp-image-8819\" src=https:\/\/bosniauknetwork.org\/wp-content\/uploads\/2023\/05\/342885223_203137655849273_6414423904217717354_n.jpg\" alt=\"\" width=\"768\" height=\"1024\" \/><\/a><\/div>\n","protected":false},"excerpt":{"rendered":"<p>Sanela Saracevic Huji\u0107 kao predstavnik bosanskohercegova\u010dkog udru\u017eenja Coventry imala je \u010dast da bude dio Holocaust Memorijalnog dana koji je odr\u017ean danas u Lauderdale House, London, uz \u00a0prisustvo Kraljevskog Viso\u010danstvo Vojvode [&hellip;]<\/p>\n","protected":false},"author":1,"featured_media":13185,"comment_status":"closed","ping_status":"closed","sticky":false,"template":"","format":"standard","meta":{"site-sidebar-layout":"default","site-content-layout":"","ast-site-content-layout":"default","site-content-style":"default","site-sidebar-style":"default","ast-global-header-display":"","ast-banner-title-visibility":"","ast-main-header-display":"","ast-hfb-above-header-display":"","ast-hfb-below-header-display":"","ast-hfb-mobile-header-display":"","site-post-title":"","ast-breadcrumbs-content":"","ast-featured-img":"","footer-sml-layout":"","ast-disable-related-posts":"","theme-transparent-header-meta":"","adv-header-id-meta":"","stick-header-meta":"","header-above-stick-meta":"","header-main-stick-meta":"","header-below-stick-meta":"","astra-migrate-meta-layouts":"default","ast-page-background-enabled":"default","ast-page-background-meta":{"desktop":{"background-color":"","background-image":"","background-repeat":"repeat","background-position":"center center","background-size":"auto","background-attachment":"scroll","background-type":"","background-media":"","overlay-type":"","overlay-color":"","overlay-opacity":"","overlay-gradient":""},"tablet":{"background-color":"","background-image":"","background-repeat":"repeat","background-position":"center center","background-size":"auto","background-attachment":"scroll","background-type":"","background-media":"","overlay-type":"","overlay-color":"","overlay-opacity":"","overlay-gradient":""},"mobile":{"background-color":"","background-image":"","background-repeat":"repeat","background-position":"center center","background-size":"auto","background-attachment":"scroll","background-type":"","background-media":"","overlay-type":"","overlay-color":"","overlay-opacity":"","overlay-gradient":""}},"ast-content-background-meta":{"desktop":{"background-color":"var(--ast-global-color-5)","background-image":"","background-repeat":"repeat","background-position":"center center","background-size":"auto","background-attachment":"scroll","background-type":"","background-media":"","overlay-type":"","overlay-color":"","overlay-opacity":"","overlay-gradient":""},"tablet":{"background-color":"var(--ast-global-color-5)","background-image":"","background-repeat":"repeat","background-position":"center center","background-size":"auto","background-attachment":"scroll","background-type":"","background-media":"","overlay-type":"","overlay-color":"","overlay-opacity":"","overlay-gradient":""},"mobile":{"background-color":"var(--ast-global-color-5)","background-image":"","background-repeat":"repeat","background-position":"center center","background-size":"auto","background-attachment":"scroll","background-type":"","background-media":"","overlay-type":"","overlay-color":"","overlay-opacity":"","overlay-gradient":""}},"_themeisle_gutenberg_block_has_review":false,"footnotes":""},"categories":[6],"tags":[],"class_list":["post-8814","post","type-post","status-publish","format-standard","has-post-thumbnail","hentry","category-news-updates"],"_links":{"self":[{"href":"https:\/\/bosniauknetwork.org\/bs\/wp-json\/wp\/v2\/posts\/8814","targetHints":{"allow":["GET"]}}],"collection":[{"href":"https:\/\/bosniauknetwork.org\/bs\/wp-json\/wp\/v2\/posts"}],"about":[{"href":"https:\/\/bosniauknetwork.org\/bs\/wp-json\/wp\/v2\/types\/post"}],"author":[{"embeddable":true,"href":"https:\/\/bosniauknetwork.org\/bs\/wp-json\/wp\/v2\/users\/1"}],"replies":[{"embeddable":true,"href":"https:\/\/bosniauknetwork.org\/bs\/wp-json\/wp\/v2\/comments?post=8814"}],"version-history":[{"count":0,"href":"https:\/\/bosniauknetwork.org\/bs\/wp-json\/wp\/v2\/posts\/8814\/revisions"}],"wp:featuredmedia":[{"embeddable":true,"href":"https:\/\/bosniauknetwork.org\/bs\/wp-json\/wp\/v2\/media\/13185"}],"wp:attachment":[{"href":"https:\/\/bosniauknetwork.org\/bs\/wp-json\/wp\/v2\/media?parent=8814"}],"wp:term":[{"taxonomy":"category","embeddable":true,"href":"https:\/\/bosniauknetwork.org\/bs\/wp-json\/wp\/v2\/categories?post=8814"},{"taxonomy":"post_tag","embeddable":true,"href":"https:\/\/bosniauknetwork.org\/bs\/wp-json\/wp\/v2\/tags?post=8814"}],"curies":[{"name":"wp","href":"https:\/\/api.w.org\/{rel}","templated":true}]}}