{"id":8904,"date":"2023-07-02T08:09:11","date_gmt":"2023-07-02T08:09:11","guid":{"rendered":"https:\/\/bosniauknetwork.org\/velikoj-britaniji-marsom-mira-pocela-sedmica-obiljezavanja-genocida-u-srebrenici\/"},"modified":"2023-07-02T08:09:11","modified_gmt":"2023-07-02T08:09:11","slug":"velikoj-britaniji-marsom-mira-pocela-sedmica-obiljezavanja-genocida-u-srebrenici","status":"publish","type":"post","link":"https:\/\/bosniauknetwork.org\/bs\/velikoj-britaniji-marsom-mira-pocela-sedmica-obiljezavanja-genocida-u-srebrenici\/","title":{"rendered":"Velika Britanija: Mar\u0161om mira po\u010dela sedmica obilje\u017eavanja genocida u Srebrenici"},"content":{"rendered":"<p>U gradu Guildfordu odr\u017ean je Mar\u0161 mira<span class=\"Apple-converted-space\">\u00a0 <\/span>i na taj na\u010din je na Ostrvu zvani\u010dno po\u010dela sedmica sje\u0107anja na genocid u Srebrenicu gdje je planirano stotine komemoracija \u0161irom Velike Britanije.<span class=\"Apple-converted-space\">\u00a0<\/span><\/p>\n<p><a class=\"dt-pswp-item\" href=https:\/\/bosniauknetwork.org\/wp-content\/uploads\/2023\/07\/68303505-9a7d-4394-89b9-a7f8a9d72470.jpg\" data-dt-img-description=\"\" data-large_image_width=\"1024\" data-large_image_height=\"768\"><img fetchpriority=\"high\" class=\"alignnone size-full wp-image-8906\" src=https:\/\/bosniauknetwork.org\/wp-content\/uploads\/2023\/07\/68303505-9a7d-4394-89b9-a7f8a9d72470.jpg\" alt=\"\" width=\"1024\" height=\"768\" \/><\/a>Mar\u0161 mira je odr\u017ean na ideju<span class=\"Apple-converted-space\">\u00a0 <\/span>porodice Muje Deli\u0107a i njegovih prijatelja iz Guildforda u znak sje\u0107anja na \u017ertve gdnocida u Srebrenici koji su po\u010dinili pripadnici vojske i policije RS-a. Velik broj prisutnih je pozdravilo Muju Deli\u0107a koji je govorio o njegovom pre\u017eivljavanju gubitka svojih suboraca, porodice kao i svih koje je poznavao i na\u010din na koji su pre\u017eivljavali najte\u017ea ranjavanja. Mujo se zahvalio prisutnim na u\u010de\u0161\u0107u i svima koji su pomogli ko organizacije Mar\u0161a Mira, posebno Zijadu Fajkovi\u0107u.<span class=\"Apple-converted-space\">\u00a0<\/span><\/p>\n<p><a class=\"dt-pswp-item\" href=https:\/\/bosniauknetwork.org\/wp-content\/uploads\/2023\/07\/IMG_7836.jpg\" data-dt-img-description=\"\" data-large_image_width=\"3024\" data-large_image_height=\"4032\"><img class=\"alignnone size-full wp-image-8912\" src=https:\/\/bosniauknetwork.org\/wp-content\/uploads\/2023\/07\/IMG_7836.jpg\" alt=\"\" width=\"3024\" height=\"4032\" \/><\/a>O okviru Mar\u0161a mira odr\u017ean je \u010das historije na kome su se govornici predstavili svoja iskustva tokom agresije na Bosnu i Hercegovinu.<span class=\"Apple-converted-space\">\u00a0 <\/span>Ferid Kevri\u0107 je govorio iskustva kao oficir JNA koji je bio u Bijeljini i kako je kao musliman do\u017eivio na\u010din uklanjanja nesrba iz slu\u017ebe. Tako\u0111er je opisao<span class=\"Apple-converted-space\">\u00a0 <\/span>kako je dojavio biv\u0161oj supruzi da srbi planiraju napasti Janju i pogubiti sve muslimane i\u00a0 da javi JUTEL-u \u0161to je i uradila. Remzudin Alilhod\u017ei\u0107 je govorio kako je on kao \u0161esnaestogodi\u0161nji dje\u010dak pre\u017eivio vrijeme genocida, gubljenje \u010dlanove porodice i kako je do\u017eivio strah koji ga i danas prati. Sabit Jakupovi\u0107, porijeklom iz Kozarca, je pre\u017eivio<span class=\"Apple-converted-space\">\u00a0 <\/span>dva ligora, Manja\u010du i<span class=\"Apple-converted-space\">\u00a0 <\/span>Omarsku. Opisao je strah, bol povrede zbog kojih je kao medicinski evakuant doveden u Englesku.<span class=\"Apple-converted-space\">\u00a0<\/span><\/p>\n<p><a class=\"dt-pswp-item\" href=https:\/\/bosniauknetwork.org\/wp-content\/uploads\/2023\/07\/1e057bc5-a6c6-4ecb-a151-144f711b7f0f.jpg\" data-dt-img-description=\"\" data-large_image_width=\"768\" data-large_image_height=\"1024\"><img class=\"alignnone wp-image-8905\" src=https:\/\/bosniauknetwork.org\/wp-content\/uploads\/2023\/07\/1e057bc5-a6c6-4ecb-a151-144f711b7f0f.jpg\" alt=\"\" width=\"1046\" height=\"1395\" \/><\/a>Na kraju se obratio Zaim Pa\u0161i\u0107 predsjednik BH UK Networka i prvoborac Armije Republike Bosne i Hercegovine . Zaim je ispred BH UK Networka, zajednice bh udru\u017eenja u Velikoj Britaniji<span class=\"Apple-converted-space\">\u00a0 <\/span>podr\u017eao Mar\u0161 mira i rekao da \u0107e predli\u017eiti da se ista uvrsti u plan rada Networka. Takod\u0111er je opisao pote\u0161ko\u0107e pre\u017eivljavanja sarajlija u toku agresije. Zahvalio se organizatoru i dodao da mu je drago \u0161to vidi dosta mladih te da se dru\u017ee i podr\u017ee jedni druge te da pomognu i Bosni i Hercegovini da opstane.<span class=\"Apple-converted-space\">\u00a0<\/span><\/p>\n<p><a class=\"dt-pswp-item\" href=https:\/\/bosniauknetwork.org\/wp-content\/uploads\/2023\/07\/IMG_7841.jpg\" data-dt-img-description=\"\" data-large_image_width=\"3024\" data-large_image_height=\"4032\"><img loading=\"lazy\" class=\"alignnone size-full wp-image-8916\" src=https:\/\/bosniauknetwork.org\/wp-content\/uploads\/2023\/07\/IMG_7841.jpg\" alt=\"\" width=\"3024\" height=\"4032\" \/><\/a>Ponajvi\u0161e zahvaljuju\u0107i organizaciji Remembering Srebrenica,\u00a0Ujedinjeno Kraljevstvo je jedina zemlja izvan Bosne i Hercegovine koja obilje\u017eava godi\u0161njicu genocida u Bosni na nacionalnom nivou. Humanitarna organizacija koja je dobila me\u0111ustrana\u010dku podr\u0161ku u britanskom parlamentu, kao i podr\u0161ku Nj.V.\u00a0kralja Charlesa III,\u00a0odgovorna je za organizaciju najve\u0107eg broja komemorativnih aktivnosti u svijetu. To \u010dini uz podr\u0161ku bh zajednice na Ostrvu kroz svojih osam engleskih regionalnih odbora i tri dr\u017eavna odbora u \u0160kotskoj, Walesu i Sjevernoj Irska i 1.500 aktivista koji\u00a0odaju po\u010dast \u017ertvama i pre\u017eivjelima genocida i u\u010de ljude opasnostima mr\u017enje i va\u017enosti izgradnje kohezivnijih zajednica za sve.<a class=\"dt-pswp-item\" href=https:\/\/bosniauknetwork.org\/wp-content\/uploads\/2023\/07\/IMG_7838.jpg\" data-dt-img-description=\"\" data-large_image_width=\"3024\" data-large_image_height=\"4032\"><img loading=\"lazy\" class=\"alignnone size-full wp-image-8914\" src=https:\/\/bosniauknetwork.org\/wp-content\/uploads\/2023\/07\/IMG_7838.jpg\" alt=\"\" width=\"3024\" height=\"4032\" \/><\/a><\/p>\n<p>U znak sje\u0107anja na genocid po\u010dinjen u Srebrenici 1995. godine, Velika Britanija \u0107e stotinama doga\u0111aja i ove godine obilje\u017eiti godi\u0161njicu srebreni\u010dkog genocida, i to kroz temu: <b>&#8220;Zajedno smo jedno&#8221;<\/b>.<\/p>\n<p>BH UK Network<\/p>\n<p><a class=\"dt-pswp-item\" href=https:\/\/bosniauknetwork.org\/wp-content\/uploads\/2023\/07\/357654143_6707067185991070_2959598169164276611_n.jpg\" data-dt-img-description=\"\" data-large_image_width=\"3024\" data-large_image_height=\"4032\"><img loading=\"lazy\" class=\"alignnone size-full wp-image-8918\" src=https:\/\/bosniauknetwork.org\/wp-content\/uploads\/2023\/07\/357654143_6707067185991070_2959598169164276611_n.jpg\" alt=\"\" width=\"3024\" height=\"4032\" \/><\/a><\/p>\n<p><a class=\"dt-pswp-item\" href=https:\/\/bosniauknetwork.org\/wp-content\/uploads\/2023\/07\/IMG_7839.jpg\" data-dt-img-description=\"\" data-large_image_width=\"3024\" data-large_image_height=\"4032\"><img loading=\"lazy\" class=\"alignnone size-full wp-image-8915\" src=https:\/\/bosniauknetwork.org\/wp-content\/uploads\/2023\/07\/IMG_7839.jpg\" alt=\"\" width=\"3024\" height=\"4032\" \/><\/a><\/p>\n","protected":false},"excerpt":{"rendered":"<p>U gradu Guildfordu odr\u017ean je Mar\u0161 mira\u00a0 i na taj na\u010din je na Ostrvu zvani\u010dno po\u010dela sedmica sje\u0107anja na genocid u Srebrenicu gdje je planirano stotine komemoracija \u0161irom Velike Britanije.\u00a0 [&hellip;]<\/p>\n","protected":false},"author":1,"featured_media":13253,"comment_status":"closed","ping_status":"closed","sticky":false,"template":"","format":"standard","meta":{"site-sidebar-layout":"default","site-content-layout":"","ast-site-content-layout":"default","site-content-style":"default","site-sidebar-style":"default","ast-global-header-display":"","ast-banner-title-visibility":"","ast-main-header-display":"","ast-hfb-above-header-display":"","ast-hfb-below-header-display":"","ast-hfb-mobile-header-display":"","site-post-title":"","ast-breadcrumbs-content":"","ast-featured-img":"","footer-sml-layout":"","ast-disable-related-posts":"","theme-transparent-header-meta":"","adv-header-id-meta":"","stick-header-meta":"","header-above-stick-meta":"","header-main-stick-meta":"","header-below-stick-meta":"","astra-migrate-meta-layouts":"default","ast-page-background-enabled":"default","ast-page-background-meta":{"desktop":{"background-color":"","background-image":"","background-repeat":"repeat","background-position":"center center","background-size":"auto","background-attachment":"scroll","background-type":"","background-media":"","overlay-type":"","overlay-color":"","overlay-opacity":"","overlay-gradient":""},"tablet":{"background-color":"","background-image":"","background-repeat":"repeat","background-position":"center center","background-size":"auto","background-attachment":"scroll","background-type":"","background-media":"","overlay-type":"","overlay-color":"","overlay-opacity":"","overlay-gradient":""},"mobile":{"background-color":"","background-image":"","background-repeat":"repeat","background-position":"center center","background-size":"auto","background-attachment":"scroll","background-type":"","background-media":"","overlay-type":"","overlay-color":"","overlay-opacity":"","overlay-gradient":""}},"ast-content-background-meta":{"desktop":{"background-color":"var(--ast-global-color-5)","background-image":"","background-repeat":"repeat","background-position":"center center","background-size":"auto","background-attachment":"scroll","background-type":"","background-media":"","overlay-type":"","overlay-color":"","overlay-opacity":"","overlay-gradient":""},"tablet":{"background-color":"var(--ast-global-color-5)","background-image":"","background-repeat":"repeat","background-position":"center center","background-size":"auto","background-attachment":"scroll","background-type":"","background-media":"","overlay-type":"","overlay-color":"","overlay-opacity":"","overlay-gradient":""},"mobile":{"background-color":"var(--ast-global-color-5)","background-image":"","background-repeat":"repeat","background-position":"center center","background-size":"auto","background-attachment":"scroll","background-type":"","background-media":"","overlay-type":"","overlay-color":"","overlay-opacity":"","overlay-gradient":""}},"_themeisle_gutenberg_block_has_review":false,"footnotes":""},"categories":[6],"tags":[],"class_list":["post-8904","post","type-post","status-publish","format-standard","has-post-thumbnail","hentry","category-news-updates"],"_links":{"self":[{"href":"https:\/\/bosniauknetwork.org\/bs\/wp-json\/wp\/v2\/posts\/8904","targetHints":{"allow":["GET"]}}],"collection":[{"href":"https:\/\/bosniauknetwork.org\/bs\/wp-json\/wp\/v2\/posts"}],"about":[{"href":"https:\/\/bosniauknetwork.org\/bs\/wp-json\/wp\/v2\/types\/post"}],"author":[{"embeddable":true,"href":"https:\/\/bosniauknetwork.org\/bs\/wp-json\/wp\/v2\/users\/1"}],"replies":[{"embeddable":true,"href":"https:\/\/bosniauknetwork.org\/bs\/wp-json\/wp\/v2\/comments?post=8904"}],"version-history":[{"count":0,"href":"https:\/\/bosniauknetwork.org\/bs\/wp-json\/wp\/v2\/posts\/8904\/revisions"}],"wp:featuredmedia":[{"embeddable":true,"href":"https:\/\/bosniauknetwork.org\/bs\/wp-json\/wp\/v2\/media\/13253"}],"wp:attachment":[{"href":"https:\/\/bosniauknetwork.org\/bs\/wp-json\/wp\/v2\/media?parent=8904"}],"wp:term":[{"taxonomy":"category","embeddable":true,"href":"https:\/\/bosniauknetwork.org\/bs\/wp-json\/wp\/v2\/categories?post=8904"},{"taxonomy":"post_tag","embeddable":true,"href":"https:\/\/bosniauknetwork.org\/bs\/wp-json\/wp\/v2\/tags?post=8904"}],"curies":[{"name":"wp","href":"https:\/\/api.w.org\/{rel}","templated":true}]}}