{"id":8923,"date":"2023-07-03T23:14:53","date_gmt":"2023-07-03T23:14:53","guid":{"rendered":"https:\/\/bosniauknetwork.org\/saopstenje-za-javnost-velika-britanija-obiljezava-dan-sjecanja-na-srebrenicu-2023\/"},"modified":"2023-07-03T23:14:53","modified_gmt":"2023-07-03T23:14:53","slug":"saopstenje-za-javnost-velika-britanija-obiljezava-dan-sjecanja-na-srebrenicu-2023","status":"publish","type":"post","link":"https:\/\/bosniauknetwork.org\/bs\/saopstenje-za-javnost-velika-britanija-obiljezava-dan-sjecanja-na-srebrenicu-2023\/","title":{"rendered":"Najava: Velika Britanija-Nacionalna komemoracija u znak sje\u0107anja na genocid u Srebrenici 2023"},"content":{"rendered":"<p>London, Ujedinjeno Kraljevstvo\u2014 centralna komemoracija obilj\u017eavanja 28. godi\u0161njice genocida u Srebrenici odr\u017eat \u0107e se <strong>4. jula u Lancaster House u Londonu<\/strong>. Doma\u0107in u ime Vlade Njegovog Veli\u010danstva je <strong>Lord Tariq Ahmad<\/strong> iz Wimbledona, dr\u017eavni ministar za Bliski istok, Sjevernu Afriku, Ju\u017enu Aziju i Ujedinjene nacije u Uredu za vanjske poslove, Commonwealth i razvoj Ujedinjenog Kraljevstva,<\/p>\n<p>O\u010dekuje se u\u010de\u0161\u0107e <strong>Njegove Ekselencije Denisa Be\u0107irovi\u0107a<\/strong>, \u010dlan Predsjedni\u0161tva Bosne i Hercegovine, a prisustvo su najavili mnogi<span class=\"Apple-converted-space\">\u00a0 <\/span>ambasadori, visoki komesari, politi\u010dari,<span class=\"Apple-converted-space\">\u00a0 <\/span>vjerske vo\u0111e kao i predstavnici bosanskohercegova\u010dke zajednice koji su pre\u017eivjeli genocid i etni\u010dko \u010di\u0161\u0107enje.<\/p>\n<p>Nacionalna komemoracija je jedna od stotina memorijalnih doga\u0111aja i aktivnosti koje se odr\u017eavaju tokom Sedmice sje\u0107anja na Srebrenicu u Ujedinjenom Kraljevstvu, koja traje od 4. do 11. jula i na kojoj \u0107e se zajednice iz cijele zemlje okupiti u kolektivnom \u010dinu sje\u0107anja u \u0161kolama, lokalnim vlastima, policijskim stanicama, radnim mjestima i bogomoljama, da spomenemo samo neke.<\/p>\n<p>Velika Britanija je najve\u0107i komemorator u svijetu kada su u pitanju memorijalne aktivnosti u znak sje\u0107anja na<span class=\"Apple-converted-space\">\u00a0 <\/span>\u017ertve genocida u Srebrenici koje organizira britanska dobrotvorna organizacija Remembering Srebrenica UK kroz svojih osam engleskih regionalnih odbora i tri dr\u017eavna odbora u \u0160kotskoj, Velsu i Sjevernoj Irskoj uz ogromnu podr\u0161ku bosanskohercegova\u010dke zajednice na Ostrvu i 1.500 prvaka zajednice.<\/p>\n<p>Predsjedavaju\u0107i Remembering Srebrenice, <strong>dr. Waqar Azmi OBE<\/strong> rekao je: \u201eP<em>onosni smo \u0161to je na\u0161a zemlja najve\u0107i komemorator memorijalnih aktivnosti Srebrenice u svijetu koji ne samo da nastoji okupiti ljude kako bi nau\u010dili lekcije iz pro\u0161losti kako bi stvarali ja\u010de , inkluzivnije zajednice, ali i inspiri\u0161e budu\u0107e generacije da preduzmu akciju da se suprotstave mr\u017enji i netoleranciji\u201d.<\/em><\/p>\n<p><strong>Program mo\u017eete pratiti u\u017eivo pute FB stranice @Bosnia UK Network od 18.00 sati (Londonska vremenska zona).<\/strong><\/p>\n","protected":false},"excerpt":{"rendered":"<p>London, Ujedinjeno Kraljevstvo\u2014 centralna komemoracija obilj\u017eavanja 28. godi\u0161njice genocida u Srebrenici odr\u017eat \u0107e se 4. jula u Lancaster House u Londonu. Doma\u0107in u ime Vlade Njegovog Veli\u010danstva je Lord Tariq [&hellip;]<\/p>\n","protected":false},"author":1,"featured_media":0,"comment_status":"closed","ping_status":"closed","sticky":false,"template":"","format":"standard","meta":{"site-sidebar-layout":"default","site-content-layout":"","ast-site-content-layout":"default","site-content-style":"default","site-sidebar-style":"default","ast-global-header-display":"","ast-banner-title-visibility":"","ast-main-header-display":"","ast-hfb-above-header-display":"","ast-hfb-below-header-display":"","ast-hfb-mobile-header-display":"","site-post-title":"","ast-breadcrumbs-content":"","ast-featured-img":"","footer-sml-layout":"","ast-disable-related-posts":"","theme-transparent-header-meta":"","adv-header-id-meta":"","stick-header-meta":"","header-above-stick-meta":"","header-main-stick-meta":"","header-below-stick-meta":"","astra-migrate-meta-layouts":"default","ast-page-background-enabled":"default","ast-page-background-meta":{"desktop":{"background-color":"","background-image":"","background-repeat":"repeat","background-position":"center center","background-size":"auto","background-attachment":"scroll","background-type":"","background-media":"","overlay-type":"","overlay-color":"","overlay-opacity":"","overlay-gradient":""},"tablet":{"background-color":"","background-image":"","background-repeat":"repeat","background-position":"center center","background-size":"auto","background-attachment":"scroll","background-type":"","background-media":"","overlay-type":"","overlay-color":"","overlay-opacity":"","overlay-gradient":""},"mobile":{"background-color":"","background-image":"","background-repeat":"repeat","background-position":"center center","background-size":"auto","background-attachment":"scroll","background-type":"","background-media":"","overlay-type":"","overlay-color":"","overlay-opacity":"","overlay-gradient":""}},"ast-content-background-meta":{"desktop":{"background-color":"var(--ast-global-color-5)","background-image":"","background-repeat":"repeat","background-position":"center center","background-size":"auto","background-attachment":"scroll","background-type":"","background-media":"","overlay-type":"","overlay-color":"","overlay-opacity":"","overlay-gradient":""},"tablet":{"background-color":"var(--ast-global-color-5)","background-image":"","background-repeat":"repeat","background-position":"center center","background-size":"auto","background-attachment":"scroll","background-type":"","background-media":"","overlay-type":"","overlay-color":"","overlay-opacity":"","overlay-gradient":""},"mobile":{"background-color":"var(--ast-global-color-5)","background-image":"","background-repeat":"repeat","background-position":"center center","background-size":"auto","background-attachment":"scroll","background-type":"","background-media":"","overlay-type":"","overlay-color":"","overlay-opacity":"","overlay-gradient":""}},"_themeisle_gutenberg_block_has_review":false,"footnotes":""},"categories":[6],"tags":[],"class_list":["post-8923","post","type-post","status-publish","format-standard","hentry","category-news-updates"],"_links":{"self":[{"href":"https:\/\/bosniauknetwork.org\/bs\/wp-json\/wp\/v2\/posts\/8923","targetHints":{"allow":["GET"]}}],"collection":[{"href":"https:\/\/bosniauknetwork.org\/bs\/wp-json\/wp\/v2\/posts"}],"about":[{"href":"https:\/\/bosniauknetwork.org\/bs\/wp-json\/wp\/v2\/types\/post"}],"author":[{"embeddable":true,"href":"https:\/\/bosniauknetwork.org\/bs\/wp-json\/wp\/v2\/users\/1"}],"replies":[{"embeddable":true,"href":"https:\/\/bosniauknetwork.org\/bs\/wp-json\/wp\/v2\/comments?post=8923"}],"version-history":[{"count":0,"href":"https:\/\/bosniauknetwork.org\/bs\/wp-json\/wp\/v2\/posts\/8923\/revisions"}],"wp:attachment":[{"href":"https:\/\/bosniauknetwork.org\/bs\/wp-json\/wp\/v2\/media?parent=8923"}],"wp:term":[{"taxonomy":"category","embeddable":true,"href":"https:\/\/bosniauknetwork.org\/bs\/wp-json\/wp\/v2\/categories?post=8923"},{"taxonomy":"post_tag","embeddable":true,"href":"https:\/\/bosniauknetwork.org\/bs\/wp-json\/wp\/v2\/tags?post=8923"}],"curies":[{"name":"wp","href":"https:\/\/api.w.org\/{rel}","templated":true}]}}