{"id":8933,"date":"2023-07-10T14:52:50","date_gmt":"2023-07-10T14:52:50","guid":{"rendered":"https:\/\/bosniauknetwork.org\/birmingham-vijece-najvece-opstine-u-evropi-nizom-aktivnosti-odaje-pocast-zrtvama-genocida-u-srebrenici\/"},"modified":"2023-07-10T14:52:50","modified_gmt":"2023-07-10T14:52:50","slug":"birmingham-vijece-najvece-opstine-u-evropi-nizom-aktivnosti-odaje-pocast-zrtvama-genocida-u-srebrenici","status":"publish","type":"post","link":"https:\/\/bosniauknetwork.org\/bs\/birmingham-vijece-najvece-opstine-u-evropi-nizom-aktivnosti-odaje-pocast-zrtvama-genocida-u-srebrenici\/","title":{"rendered":"Velika Britanija: Birmingham nizom aktivnosti odaje po\u010dast \u017ertvama genocida u Srebrenici"},"content":{"rendered":"<p><strong>Izlo\u017eba,<span class=\"Apple-converted-space\">\u00a0 <\/span>komemoracija u Vije\u0107nici, gradska biblioteka osvijetljena zeleno, usvajanje Prijedloga da se iskoriste lekcije iz Srebrenice u borbi protiv svih oblika predrasuda i diskriminacije\u2026.<\/strong><\/p>\n<p>Izlo\u017eba slika britanskog umjetnika koje prikazuju aspekte genocida u Srebrenici bit \u0107e izlo\u017eena u op\u0107ini Birmingham na Dan sje\u0107anja na Srebrenicu (11. jul 2023.). Lord gradona\u010delnik Birmingema, Cllr Chaman Lal \u0107e pogledati izlo\u017ebu u utorak prije nego \u0161to vije\u0107nici zauzmu svoja mjesta u Vije\u0107nici, gdje \u0107e Cllr Martin Brooks OBE podnijeti Prijedlog svih stranaka.<\/p>\n<p>Prijedlogom se tra\u017ei od Vije\u0107a da:<\/p>\n<p>-Podr\u017eati rad u gradskim zajednicama i \u0161kolama koji se bore protiv mr\u017enje i netolerancije podizanjem svijesti o ovom genocidu;<\/p>\n<p>-Iskoriste lekcije iz Srebrenice u borbi protiv svih oblika predrasuda i diskriminacije u gradu;<\/p>\n<p>-Pohvali rad organizacije Sje\u0107anje na Srebrenicu u komemoraciji \u017ertava i edukaciji ljudi o tome \u0161ta se mo\u017ee dogoditi ako se ostavi da raste mr\u017enja.<\/p>\n<p>Sje\u0107anje na Srebrenicu i BH UK Network, izlo\u017eit \u0107e materijal, uklju\u010duju\u0107i slike umjetnika Roberta McNeila MBE, forenzi\u010dara koji je radio za Ujedinjene Nacije u Bosni prikupljaju\u0107i dokaze o genocidu.<a class=\"dt-pswp-item\" href=https:\/\/bosniauknetwork.org\/wp-content\/uploads\/2023\/07\/\u200eSrebrenica-Memorial-event-Birmingham-2023.\u200e1.jpeg\" data-dt-img-description=\"\" data-large_image_width=\"1684\" data-large_image_height=\"1190\"><img fetchpriority=\"high\" class=\"alignnone size-full wp-image-8936\" src=https:\/\/bosniauknetwork.org\/wp-content\/uploads\/2023\/07\/\u200eSrebrenica-Memorial-event-Birmingham-2023.\u200e1.jpeg\" alt=\"\" width=\"1684\" height=\"1190\" \/><\/a><\/p>\n<p>Slike \u0107e ostati izlo\u017eeni za komemoraciju koja \u0107e se odr\u017eati u Domu Vije\u0107a u srijedu (12. juli), koja uklju\u010duje memorijalni program izme\u0111u 13.45 i 15.00.<\/p>\n<p>Biblioteka Birminghama \u0107e tako\u0111er biti osvijetljena zeleno u sklopu komemoracije Vije\u0107a 11. jula u znak sje\u0107anja na hiljade koji su izgubili \u017eivote u najgorem zlo\u010dinu na tlu Evrope od Drugog svjetskog rata.<\/p>\n<p><a class=\"dt-pswp-item\" href=https:\/\/bosniauknetwork.org\/wp-content\/uploads\/2023\/07\/Welcome-to-Hell-by-Robert-McNail-1.png\" data-dt-img-description=\"\" data-large_image_width=\"1798\" data-large_image_height=\"1288\"><img class=\"alignnone size-full wp-image-8939\" src=https:\/\/bosniauknetwork.org\/wp-content\/uploads\/2023\/07\/Welcome-to-Hell-by-Robert-McNail-1.png\" alt=\"\" width=\"1798\" height=\"1288\" \/><\/a>Ove godine se navr\u0161ava 28 godina od genocida u Srebrenici u kojem je ubijeno vi\u0161e od 8.000 mu\u0161karaca i dje\u010daka zbog njihove muslimanske vjere.<\/p>\n<blockquote><p>Cllr Nicky Brennan, \u010dlan kabineta za socijalnu pravdu, sigurnost u zajednici i jednakost, rekla je: \u201eMoramo osigurati da nikada ne zaboravimo genocid u Srebrenici i potvrdimo na\u0161u opredijeljenost da se suprotstavimo svim oblicima mr\u017enje i predrasude \u2013 kojima nije mjesto u na\u0161em gradu.<\/p>\n<p>\u201cNa\u0161i prijatelji iz Remembering Srebrenica i Bosnia and Herzegovina UK Network, sa sjedi\u0161tem u Birminghamu, omogu\u0107ili su nam da prika\u017eemo ove slike koje prikazuju traumu genocida i \u0161ireg bosanskog rata u njihovim zajednicama \u2013 i mi stojimo uz njih na Dan sje\u0107anja na Srebrenicu.<\/p>\n<p>\u201cOvaj prijedlog svih stranaka pokazuje snagu podr\u0161ke u cijeloj Vije\u0107nici u osiguravanju da lekcije nau\u010dene iz ovih u\u017easnih doga\u0111aja mogu pomo\u0107i u podizanju svijesti i edukaciji budu\u0107ih generacija o tome \u0161ta se mo\u017ee dogoditi ako se dozvoli da mr\u017enja procvjeta, bilo gdje u svijetu.<\/p>\n<p>\u201cSada je vi\u0161e nego ikada od vitalnog zna\u010daja da se okupimo kao ljudi, bez obzira na na\u0161e porijeklo, da slavimo razli\u010ditost i stojimo zajedno u solidarnosti \u2013 da pomognemo u izgradnji bolje budu\u0107nosti s mr\u017enjom.\u201d<\/p><\/blockquote>\n<p>BH UK Network<\/p>\n","protected":false},"excerpt":{"rendered":"<p>Izlo\u017eba,\u00a0 komemoracija u Vije\u0107nici, gradska biblioteka osvijetljena zeleno, usvajanje Prijedloga da se iskoriste lekcije iz Srebrenice u borbi protiv svih oblika predrasuda i diskriminacije\u2026. Izlo\u017eba slika britanskog umjetnika koje prikazuju [&hellip;]<\/p>\n","protected":false},"author":1,"featured_media":13277,"comment_status":"closed","ping_status":"closed","sticky":false,"template":"","format":"standard","meta":{"site-sidebar-layout":"default","site-content-layout":"","ast-site-content-layout":"default","site-content-style":"default","site-sidebar-style":"default","ast-global-header-display":"","ast-banner-title-visibility":"","ast-main-header-display":"","ast-hfb-above-header-display":"","ast-hfb-below-header-display":"","ast-hfb-mobile-header-display":"","site-post-title":"","ast-breadcrumbs-content":"","ast-featured-img":"","footer-sml-layout":"","ast-disable-related-posts":"","theme-transparent-header-meta":"","adv-header-id-meta":"","stick-header-meta":"","header-above-stick-meta":"","header-main-stick-meta":"","header-below-stick-meta":"","astra-migrate-meta-layouts":"default","ast-page-background-enabled":"default","ast-page-background-meta":{"desktop":{"background-color":"","background-image":"","background-repeat":"repeat","background-position":"center center","background-size":"auto","background-attachment":"scroll","background-type":"","background-media":"","overlay-type":"","overlay-color":"","overlay-opacity":"","overlay-gradient":""},"tablet":{"background-color":"","background-image":"","background-repeat":"repeat","background-position":"center center","background-size":"auto","background-attachment":"scroll","background-type":"","background-media":"","overlay-type":"","overlay-color":"","overlay-opacity":"","overlay-gradient":""},"mobile":{"background-color":"","background-image":"","background-repeat":"repeat","background-position":"center center","background-size":"auto","background-attachment":"scroll","background-type":"","background-media":"","overlay-type":"","overlay-color":"","overlay-opacity":"","overlay-gradient":""}},"ast-content-background-meta":{"desktop":{"background-color":"var(--ast-global-color-5)","background-image":"","background-repeat":"repeat","background-position":"center center","background-size":"auto","background-attachment":"scroll","background-type":"","background-media":"","overlay-type":"","overlay-color":"","overlay-opacity":"","overlay-gradient":""},"tablet":{"background-color":"var(--ast-global-color-5)","background-image":"","background-repeat":"repeat","background-position":"center center","background-size":"auto","background-attachment":"scroll","background-type":"","background-media":"","overlay-type":"","overlay-color":"","overlay-opacity":"","overlay-gradient":""},"mobile":{"background-color":"var(--ast-global-color-5)","background-image":"","background-repeat":"repeat","background-position":"center center","background-size":"auto","background-attachment":"scroll","background-type":"","background-media":"","overlay-type":"","overlay-color":"","overlay-opacity":"","overlay-gradient":""}},"_themeisle_gutenberg_block_has_review":false,"footnotes":""},"categories":[6],"tags":[],"class_list":["post-8933","post","type-post","status-publish","format-standard","has-post-thumbnail","hentry","category-news-updates"],"_links":{"self":[{"href":"https:\/\/bosniauknetwork.org\/bs\/wp-json\/wp\/v2\/posts\/8933","targetHints":{"allow":["GET"]}}],"collection":[{"href":"https:\/\/bosniauknetwork.org\/bs\/wp-json\/wp\/v2\/posts"}],"about":[{"href":"https:\/\/bosniauknetwork.org\/bs\/wp-json\/wp\/v2\/types\/post"}],"author":[{"embeddable":true,"href":"https:\/\/bosniauknetwork.org\/bs\/wp-json\/wp\/v2\/users\/1"}],"replies":[{"embeddable":true,"href":"https:\/\/bosniauknetwork.org\/bs\/wp-json\/wp\/v2\/comments?post=8933"}],"version-history":[{"count":0,"href":"https:\/\/bosniauknetwork.org\/bs\/wp-json\/wp\/v2\/posts\/8933\/revisions"}],"wp:featuredmedia":[{"embeddable":true,"href":"https:\/\/bosniauknetwork.org\/bs\/wp-json\/wp\/v2\/media\/13277"}],"wp:attachment":[{"href":"https:\/\/bosniauknetwork.org\/bs\/wp-json\/wp\/v2\/media?parent=8933"}],"wp:term":[{"taxonomy":"category","embeddable":true,"href":"https:\/\/bosniauknetwork.org\/bs\/wp-json\/wp\/v2\/categories?post=8933"},{"taxonomy":"post_tag","embeddable":true,"href":"https:\/\/bosniauknetwork.org\/bs\/wp-json\/wp\/v2\/tags?post=8933"}],"curies":[{"name":"wp","href":"https:\/\/api.w.org\/{rel}","templated":true}]}}