{"id":8954,"date":"2023-07-31T12:14:31","date_gmt":"2023-07-31T12:14:31","guid":{"rendered":"https:\/\/bosniauknetwork.org\/kako-je-bosanska-kraljica-dospjela-u-vatikansku-palacu\/"},"modified":"2023-07-31T12:14:31","modified_gmt":"2023-07-31T12:14:31","slug":"kako-je-bosanska-kraljica-dospjela-u-vatikansku-palacu","status":"publish","type":"post","link":"https:\/\/bosniauknetwork.org\/bs\/kako-je-bosanska-kraljica-dospjela-u-vatikansku-palacu\/","title":{"rendered":"Kako je bosanska kraljica dospjela u vatikansku pala\u010du"},"content":{"rendered":"<div>\n<div>Po\u0161tovani!<\/div>\n<div><\/div>\n<div>Ina\u010de sam povjesni\u010dar umjetnosti i sociolog.\u00a0Istra\u017eujem uglavnom povijest umjetnosti srednjega vijeka, a ve\u0107 skoro \u010detvrt stolje\u0107a istra\u017eujem sve \u0161to je u vezi sa bosanskom kraljicom Katarinom Kotromani\u0107 (1425-1478), koja je zadnjih dvanaest godina pre\u017eivjela u Rimu, a njeni posmrtni ostaci bili su pokopani pred glavnim oltarom bazilike Santa Maria in Aracoeli.<\/div>\n<div>\n<p class=\"x_MsoNormal\"><span style=\"font-family: tahoma, sans-serif;\"><a class=\"dt-pswp-item\" href=https:\/\/bosniauknetwork.org\/wp-content\/uploads\/2023\/07\/53F6DF0D-58E9-4C2E-8F52-0D676D5A4BD7_cx1_cy12_cw99_w1597_n_r1_st_s.jpg\" data-dt-img-description=\"\" data-large_image_width=\"601\" data-large_image_height=\"338\"><img fetchpriority=\"high\" class=\"size-full wp-image-8956 alignright\" src=https:\/\/bosniauknetwork.org\/wp-content\/uploads\/2023\/07\/53F6DF0D-58E9-4C2E-8F52-0D676D5A4BD7_cx1_cy12_cw99_w1597_n_r1_st_s.jpg\" alt=\"\" width=\"601\" height=\"338\" \/><\/a>Povodom 600. obljetnice kralji\u010dinog ro\u0111enja namjeravam postaviti veliku likovnu izlo\u017ebu<\/span>\u00a0u Bosni i Hercegovini,\u00a0Sloveniji i Italiji\u00a02024\/2025 godine, koja \u0107e u Evropi i svijetu kraljicu Katarinu i bosansku dr\u017eavnost predstaviti u\u00a0sasvim novom svjetlu, ali i upozoriti\u00a0na to da kraljica pod svojim pla\u0161tom\u00a0(zbog svojih kr\u0161\u0107anskih i islamskih korjena\u00a0i rodbinskih veza) mo\u017ee okupiti\u00a0sve bosanske rimokatolike, pravoslavne hri\u0161\u0107ane i muslimane. Ve\u0107 sam sam dogovorio da likovna izlo\u017eba bude postavljena u sarajevskom Historijskom muzeju\u00a0i\u00a0u jednoj galeriji u Republici Sloveniji, a namjeravam stupiti u kontakt\u00a0i\u00a0sa institucijama u Rimu.\u00a0Trudit \u0107u se da je postavim i na isto\u010dnoj obali Jadranskog mora (Ston, Dubrovnik ili \u0160ibenik).<\/p>\n<p class=\"x_MsoNormal\">Kolege povjesni\u010dari umjetnosti iz Slovenije, Bosne i Hrvatske vrlo pozitivno su ocijenili moje radove o kraljici i to kao poseban pogled na temu.<\/p>\n<p class=\"x_MsoNormal\"><span style=\"font-family: tahoma, sans-serif;\">Ovom prilikom vam \u0161aljem neke od njih.<\/span><\/p>\n<p class=\"x_MsoNormal\"><span style=\"font-family: tahoma, sans-serif;\">O kraljici Katarini govorio sam na Festivalu srednjovjekovlja odr\u017eanom u Cazinu 8. juna ove godine- O tome vi\u0161e na ovim poveznicama:\u00a0<\/span><a href=\"https:\/\/muzejbosanskogkraljevstva.ba\/zvanicno-poceo-festival-srednjovjekovlja-u-cazinu\/\" target=\"_blank\" rel=\"noopener noreferrer\" data-auth=\"NotApplicable\" data-linkindex=\"0\">https:\/\/muzejbosanskogkraljevstva.ba\/zvanicno-poceo-festival-srednjovjekovlja-u-cazinu\/<\/a><\/p>\n<p class=\"x_MsoNormal\"><a href=\"http:\/\/sejko-hm.blogspot.com\/\" target=\"_blank\" rel=\"noopener noreferrer\" data-auth=\"NotApplicable\" data-linkindex=\"1\">http:\/\/sejko-hm.blogspot.com\/<\/a><\/p>\n<\/div>\n<div>U Bosni i Hercegovini od 2011. do 2016. godine kraljicu Katarinu predstavio sam na pet javnih predavanja. Tri predavanja imao sam u Sarajevu, a po jedno u Jajcu i Velikoj Kladu\u0161i: na ovoj poveznici imate moje predavanje u bosanskoj Nacionalnoj i Univerzitetskoj biblioteci u Sarajevu, ina\u010de odr\u017eano u oktobru 2015. godine. godine:\u00a0<a href=\"https:\/\/youtu.be\/6JMn0VXkFvY\" target=\"_blank\" rel=\"noopener noreferrer\" data-auth=\"NotApplicable\" data-linkindex=\"2\">https:\/\/youtu.be\/6JMn0VXkFvY<\/a><\/div>\n<\/div>\n<div>\n<div><\/div>\n<div>\n<p class=\"x_MsoNormal\"><span style=\"font-family: tahoma, sans-serif;\">U \u010dasopisu sarajevskog Filozofskog fakulteta kraljicu Katarinu sam predstavio v \u010dlanku, kojeg imate na ovoj poveznici:\u00a0<\/span><\/p>\n<p class=\"x_MsoNormal\"><span style=\"font-family: tahoma, sans-serif;\"><a href=\"https:\/\/www.academia.edu\/13349897\/Portret_i_nadgrobna_plo%C4%8Da_bosanske_kraljice_Katarine_Kotromani%C4%87_1425-1478_u_Rimu\" target=\"_blank\" rel=\"noopener noreferrer\" data-auth=\"NotApplicable\" data-linkindex=\"3\">https:\/\/www.academia.edu\/13349897\/Portret_i_nadgrobna_plo%C4%8Da_bosanske_kraljice_Katarine_Kotromani%C4%87_1425-1478_u_Rimu<\/a>\u00a0<\/span><\/p>\n<p class=\"x_MsoNormal\"><span style=\"font-family: tahoma, sans-serif;\">Pro\u0161le godine u 74. broju ljubljanskog \u010dasopisa &#8220;Umetnostna kronika&#8221; (Umetnostnozgodovinski in\u0161titut Franceta Steleta ZRC SAZU) objavio sam \u010dlanak u kojem sam predstavio odgovor na pitanje za\u0161to se natpis na kralji\u010dinoj nadgrobnoj plo\u010di nalazi u prvoj gramatici slovenskog jezika, koju je 1584. godine u Wittenbergu objavio protestantski pisac Adam Bohori\u010d (ok.1524-1601\/2). V spajalici vam \u0161aljem pdf \u010dlanka.<\/span><\/p>\n<p class=\"x_MsoNormal\"><span style=\"font-family: tahoma, sans-serif;\">U Auditoriju ljubljanske Narodne galerije 8.novembra 2022. godine (na poziv Dru\u0161tva slovenskih povjesni\u010dara umjetnosti) predstavio sam svoja najnovija otkri\u0107a povezana s kraljicom Katarinom.\u00a0<\/span>Vi\u0161e o tome na ovim poveznici:\u00a0<a href=\"http:\/\/www.suzd.si\/zbornik\/214-drustvo\/1611-o-likovnih-upodobitvah-bosenske-kraljice-katarine-kotromanic\" target=\"_blank\" rel=\"noopener noreferrer\" data-auth=\"NotApplicable\" data-linkindex=\"4\">http:\/\/www.suzd.si\/zbornik\/214-drustvo\/1611-o-likovnih-upodobitvah-bosenske-kraljice-katarine-kotromanic<\/a><\/p>\n<p class=\"x_MsoNormal\">Mo\u017eda \u0107e vas ova tema zanimati?<\/p>\n<p class=\"x_MsoNormal\"><span style=\"font-family: tahoma, sans-serif;\">\u017delim Vam puno uspjeha u radu!<\/span><\/p>\n<p class=\"x_MsoNormal\">Lijep pozdrav!<\/p>\n<p class=\"x_MsoNormal\">Husein Sejko Mekanovi\u0107<\/p>\n<\/div>\n<\/div>\n","protected":false},"excerpt":{"rendered":"<p>Po\u0161tovani! Ina\u010de sam povjesni\u010dar umjetnosti i sociolog.\u00a0Istra\u017eujem uglavnom povijest umjetnosti srednjega vijeka, a ve\u0107 skoro \u010detvrt stolje\u0107a istra\u017eujem sve \u0161to je u vezi sa bosanskom kraljicom Katarinom Kotromani\u0107 (1425-1478), koja [&hellip;]<\/p>\n","protected":false},"author":1,"featured_media":0,"comment_status":"closed","ping_status":"closed","sticky":false,"template":"","format":"standard","meta":{"site-sidebar-layout":"default","site-content-layout":"","ast-site-content-layout":"default","site-content-style":"default","site-sidebar-style":"default","ast-global-header-display":"","ast-banner-title-visibility":"","ast-main-header-display":"","ast-hfb-above-header-display":"","ast-hfb-below-header-display":"","ast-hfb-mobile-header-display":"","site-post-title":"","ast-breadcrumbs-content":"","ast-featured-img":"","footer-sml-layout":"","ast-disable-related-posts":"","theme-transparent-header-meta":"","adv-header-id-meta":"","stick-header-meta":"","header-above-stick-meta":"","header-main-stick-meta":"","header-below-stick-meta":"","astra-migrate-meta-layouts":"default","ast-page-background-enabled":"default","ast-page-background-meta":{"desktop":{"background-color":"","background-image":"","background-repeat":"repeat","background-position":"center center","background-size":"auto","background-attachment":"scroll","background-type":"","background-media":"","overlay-type":"","overlay-color":"","overlay-opacity":"","overlay-gradient":""},"tablet":{"background-color":"","background-image":"","background-repeat":"repeat","background-position":"center center","background-size":"auto","background-attachment":"scroll","background-type":"","background-media":"","overlay-type":"","overlay-color":"","overlay-opacity":"","overlay-gradient":""},"mobile":{"background-color":"","background-image":"","background-repeat":"repeat","background-position":"center center","background-size":"auto","background-attachment":"scroll","background-type":"","background-media":"","overlay-type":"","overlay-color":"","overlay-opacity":"","overlay-gradient":""}},"ast-content-background-meta":{"desktop":{"background-color":"var(--ast-global-color-5)","background-image":"","background-repeat":"repeat","background-position":"center center","background-size":"auto","background-attachment":"scroll","background-type":"","background-media":"","overlay-type":"","overlay-color":"","overlay-opacity":"","overlay-gradient":""},"tablet":{"background-color":"var(--ast-global-color-5)","background-image":"","background-repeat":"repeat","background-position":"center center","background-size":"auto","background-attachment":"scroll","background-type":"","background-media":"","overlay-type":"","overlay-color":"","overlay-opacity":"","overlay-gradient":""},"mobile":{"background-color":"var(--ast-global-color-5)","background-image":"","background-repeat":"repeat","background-position":"center center","background-size":"auto","background-attachment":"scroll","background-type":"","background-media":"","overlay-type":"","overlay-color":"","overlay-opacity":"","overlay-gradient":""}},"_themeisle_gutenberg_block_has_review":false,"footnotes":""},"categories":[6],"tags":[38,39],"class_list":["post-8954","post","type-post","status-publish","format-standard","hentry","category-news-updates","tag-husein-sejko-mekanovic","tag-kraljica-katarina-kotromanic"],"_links":{"self":[{"href":"https:\/\/bosniauknetwork.org\/bs\/wp-json\/wp\/v2\/posts\/8954","targetHints":{"allow":["GET"]}}],"collection":[{"href":"https:\/\/bosniauknetwork.org\/bs\/wp-json\/wp\/v2\/posts"}],"about":[{"href":"https:\/\/bosniauknetwork.org\/bs\/wp-json\/wp\/v2\/types\/post"}],"author":[{"embeddable":true,"href":"https:\/\/bosniauknetwork.org\/bs\/wp-json\/wp\/v2\/users\/1"}],"replies":[{"embeddable":true,"href":"https:\/\/bosniauknetwork.org\/bs\/wp-json\/wp\/v2\/comments?post=8954"}],"version-history":[{"count":0,"href":"https:\/\/bosniauknetwork.org\/bs\/wp-json\/wp\/v2\/posts\/8954\/revisions"}],"wp:attachment":[{"href":"https:\/\/bosniauknetwork.org\/bs\/wp-json\/wp\/v2\/media?parent=8954"}],"wp:term":[{"taxonomy":"category","embeddable":true,"href":"https:\/\/bosniauknetwork.org\/bs\/wp-json\/wp\/v2\/categories?post=8954"},{"taxonomy":"post_tag","embeddable":true,"href":"https:\/\/bosniauknetwork.org\/bs\/wp-json\/wp\/v2\/tags?post=8954"}],"curies":[{"name":"wp","href":"https:\/\/api.w.org\/{rel}","templated":true}]}}