{"id":8982,"date":"2023-11-24T16:29:34","date_gmt":"2023-11-24T16:29:34","guid":{"rendered":"https:\/\/bosniauknetwork.org\/u-novom-domu-bh-uk-networka-uprilicen-svecani-program-povodom-obiljezavanja-dana-drzavnosti-bih\/"},"modified":"2023-11-24T16:29:34","modified_gmt":"2023-11-24T16:29:34","slug":"u-novom-domu-bh-uk-networka-uprilicen-svecani-program-povodom-obiljezavanja-dana-drzavnosti-bih","status":"publish","type":"post","link":"https:\/\/bosniauknetwork.org\/bs\/u-novom-domu-bh-uk-networka-uprilicen-svecani-program-povodom-obiljezavanja-dana-drzavnosti-bih\/","title":{"rendered":"U novom domu BH UK Networka uprili\u010den sve\u010dani program povodom obilje\u017eavanja Dana dr\u017eavnosti BiH."},"content":{"rendered":"<p>Prigodnim govorima prisutnima su se obratili <b>Zaim Pa\u0161i\u0107<\/b>-predsjednik BH UK Networka, <b>Cll Chaman Lal-<\/b>gradona\u010delnik Birminghama<b>, <\/b>NJ. E. Osman Top\u010dagi\u0107-Ambasador BiH u UK, <b>Amrick Singh Ubhi-<\/b>izaslanika kralja \u010carlsa za regiju West Midlands, <b>Dr. Waqar Azmi OBE<\/b>-predsjednik organizacije Remembering Srebrenica i patron BH UK Networka, <b>Judi Millward-<\/b>predsjedavaju\u0107a Eveson trusta i <b>Dr. Anes Ceri\u0107<\/b> menad\u017eer BH UK Networka<\/p>\n<p><a class=\"dt-pswp-item\" href=https:\/\/bosniauknetwork.org\/wp-content\/uploads\/2023\/11\/DSC_0100.jpg\" data-dt-img-description=\"\" data-large_image_width=\"6000\" data-large_image_height=\"4000\"><img fetchpriority=\"high\" class=\"alignnone size-full wp-image-8987\" src=https:\/\/bosniauknetwork.org\/wp-content\/uploads\/2023\/11\/DSC_0100.jpg\" alt=\"\" width=\"6000\" height=\"4000\" \/><\/a>Manifestacija je odr\u017eana u sve\u010danoj sali nedavno kupljenog novog doma BH UK Networka i bila je ispunjena toplinom, tradicijom te bojama na\u0161e divne Bosne i Hercegovine.<span class=\"Apple-converted-space\">\u00a0<\/span><\/p>\n<p>U ime doma\u0107ina, publici se obratila<b> Lejla Golo\u0161, <\/b>sa toplim rije\u010dima dobrodo\u0161lice i najavila obra\u0107anje predsjednika Bosnia UK Networka, Zaima Pa\u0161i\u0107a.<a class=\"dt-pswp-item\" href=https:\/\/bosniauknetwork.org\/wp-content\/uploads\/2023\/11\/DSC_0094.jpg\" data-dt-img-description=\"\" data-large_image_width=\"6000\" data-large_image_height=\"4000\"><img class=\"alignnone size-full wp-image-8988\" src=https:\/\/bosniauknetwork.org\/wp-content\/uploads\/2023\/11\/DSC_0094.jpg\" alt=\"\" width=\"6000\" height=\"4000\" \/><\/a><\/p>\n<p>\u201cDragi i po\u0161tovani gosti, imam \u010dast da vam ispred rukovodstva BH UK Networka po\u017eelim sretan Dan dr\u017eavnosti na\u0161e domovine Bosne i Hercegovine. Posebno mi je zadovoljstvo \u0161to se danas nalazimo u novoj Bosanskoj ku\u0107i koja je veoma va\u017ena za budu\u0107nost na\u0161e zajednice u UK. Hvala svima koji su pomogli da se na\u0111emo u novoj ku\u0107i a posebno Dr. Anesu Ceri\u0107u koji je sa svojim timom i velikom grupom aktivista omogu\u0107io<span class=\"Apple-converted-space\">\u00a0 <\/span>da nam ovaj dan bude jo\u0161 ljep\u0161i i sretniji. Hvala vam i jo\u0161 jednom sretan praznik.\u201d, rekao je <b>Zaim Pa\u0161i\u0107.<span class=\"Apple-converted-space\">\u00a0<\/span><\/b><\/p>\n<p><a class=\"dt-pswp-item\" href=https:\/\/bosniauknetwork.org\/wp-content\/uploads\/2023\/11\/DSC_0078.jpg\" data-dt-img-description=\"\" data-large_image_width=\"6000\" data-large_image_height=\"4000\"><img class=\"alignnone size-full wp-image-8989\" src=https:\/\/bosniauknetwork.org\/wp-content\/uploads\/2023\/11\/DSC_0078.jpg\" alt=\"\" width=\"6000\" height=\"4000\" \/><\/a>Svi su se podsjetili, kako je usvojenom Rezolucijom \u00a0ZAVNOBiH-a, izra\u017eena odlu\u010dnost naroda BiH da njihova zemlja, bude zbratimljena zajednica u kojoj \u0107e biti osigurana puna jednakopravnost svih naroda, te jednakopravnost Republike BiH unutar jugoslavenske federacije, sa povijesnim granicama koje su datirale jo\u0161 iz vremena srednjovjekovne Bosne.<\/p>\n<p>Ambasador Bosne i Hercegovine, <b>Nj. E. Osman Top\u010dagi\u0107 <\/b>je rekao: \u201cRaduje me da ove godine Dan dr\u017eavnosti BiH obilje\u017eavamo u novoj zgradi, sjedi\u0161tu BH UK Networka, \u0161to pokazuje uspje\u0161an rad i izuzetnu saradnju kuju Network ima sa lokalnim vlastima u Birminghamu kao i jaku vezu koju vi svi njegujete sa domovinom Bosnom i Hercegovinom.\u201d<a class=\"dt-pswp-item\" href=https:\/\/bosniauknetwork.org\/wp-content\/uploads\/2023\/11\/DSC_0001.jpg\" data-dt-img-description=\"\" data-large_image_width=\"6000\" data-large_image_height=\"4000\"><img loading=\"lazy\" class=\"alignnone size-full wp-image-8983\" src=https:\/\/bosniauknetwork.org\/wp-content\/uploads\/2023\/11\/DSC_0001.jpg\" alt=\"\" width=\"6000\" height=\"4000\" \/><\/a><\/p>\n<p>Posjetioci su imali priliku da u\u017eivaju u izlo\u017ebi \u201e\u010covjek na istoku\u201c <b>Hadisa Meden\u010devi\u0107a<\/b> i umjetni\u010dkim radovima <b>Roberta McNeila<\/b> na temu genocida u Srebrenici. Hadis je derven\u010danin sa privremenom adresom u Pragu a Rober je iz \u0160kotske a ina\u010de je i patron BH UK networka.<\/p>\n<p>\u017delimo da se zahvalimo na\u0161im dragim damama iz Birminghama na predivno pripremljnoj hrani koju su spremile za sve na\u0161e drage goste. Sve je bilo jako ukusno i samo za pohvaliti.<span class=\"Apple-converted-space\">\u00a0<\/span><\/p>\n<p>Po\u0161tovani prijatelji, dragi Bosanci i Hercegovci,<\/p>\n<p>Sretan Dan dr\u017eavnosti Bosne i Hercegovine \u2026..<a class=\"dt-pswp-item\" href=https:\/\/bosniauknetwork.org\/wp-content\/uploads\/2023\/11\/DSC_0031.jpg\" data-dt-img-description=\"\" data-large_image_width=\"6000\" data-large_image_height=\"4000\"><img loading=\"lazy\" class=\"alignnone size-full wp-image-8984\" src=https:\/\/bosniauknetwork.org\/wp-content\/uploads\/2023\/11\/DSC_0031.jpg\" alt=\"\" width=\"6000\" height=\"4000\" \/><\/a><\/p>\n<p>BH UK Network<\/p>\n","protected":false},"excerpt":{"rendered":"<p>Prigodnim govorima prisutnima su se obratili Zaim Pa\u0161i\u0107-predsjednik BH UK Networka, Cll Chaman Lal-gradona\u010delnik Birminghama, NJ. E. Osman Top\u010dagi\u0107-Ambasador BiH u UK, Amrick Singh Ubhi-izaslanika kralja \u010carlsa za regiju West [&hellip;]<\/p>\n","protected":false},"author":1,"featured_media":13294,"comment_status":"closed","ping_status":"closed","sticky":false,"template":"","format":"standard","meta":{"site-sidebar-layout":"default","site-content-layout":"","ast-site-content-layout":"default","site-content-style":"default","site-sidebar-style":"default","ast-global-header-display":"","ast-banner-title-visibility":"","ast-main-header-display":"","ast-hfb-above-header-display":"","ast-hfb-below-header-display":"","ast-hfb-mobile-header-display":"","site-post-title":"","ast-breadcrumbs-content":"","ast-featured-img":"","footer-sml-layout":"","ast-disable-related-posts":"","theme-transparent-header-meta":"","adv-header-id-meta":"","stick-header-meta":"","header-above-stick-meta":"","header-main-stick-meta":"","header-below-stick-meta":"","astra-migrate-meta-layouts":"default","ast-page-background-enabled":"default","ast-page-background-meta":{"desktop":{"background-color":"","background-image":"","background-repeat":"repeat","background-position":"center center","background-size":"auto","background-attachment":"scroll","background-type":"","background-media":"","overlay-type":"","overlay-color":"","overlay-opacity":"","overlay-gradient":""},"tablet":{"background-color":"","background-image":"","background-repeat":"repeat","background-position":"center center","background-size":"auto","background-attachment":"scroll","background-type":"","background-media":"","overlay-type":"","overlay-color":"","overlay-opacity":"","overlay-gradient":""},"mobile":{"background-color":"","background-image":"","background-repeat":"repeat","background-position":"center center","background-size":"auto","background-attachment":"scroll","background-type":"","background-media":"","overlay-type":"","overlay-color":"","overlay-opacity":"","overlay-gradient":""}},"ast-content-background-meta":{"desktop":{"background-color":"var(--ast-global-color-5)","background-image":"","background-repeat":"repeat","background-position":"center center","background-size":"auto","background-attachment":"scroll","background-type":"","background-media":"","overlay-type":"","overlay-color":"","overlay-opacity":"","overlay-gradient":""},"tablet":{"background-color":"var(--ast-global-color-5)","background-image":"","background-repeat":"repeat","background-position":"center center","background-size":"auto","background-attachment":"scroll","background-type":"","background-media":"","overlay-type":"","overlay-color":"","overlay-opacity":"","overlay-gradient":""},"mobile":{"background-color":"var(--ast-global-color-5)","background-image":"","background-repeat":"repeat","background-position":"center center","background-size":"auto","background-attachment":"scroll","background-type":"","background-media":"","overlay-type":"","overlay-color":"","overlay-opacity":"","overlay-gradient":""}},"_themeisle_gutenberg_block_has_review":false,"footnotes":""},"categories":[6],"tags":[],"class_list":["post-8982","post","type-post","status-publish","format-standard","has-post-thumbnail","hentry","category-news-updates"],"_links":{"self":[{"href":"https:\/\/bosniauknetwork.org\/bs\/wp-json\/wp\/v2\/posts\/8982","targetHints":{"allow":["GET"]}}],"collection":[{"href":"https:\/\/bosniauknetwork.org\/bs\/wp-json\/wp\/v2\/posts"}],"about":[{"href":"https:\/\/bosniauknetwork.org\/bs\/wp-json\/wp\/v2\/types\/post"}],"author":[{"embeddable":true,"href":"https:\/\/bosniauknetwork.org\/bs\/wp-json\/wp\/v2\/users\/1"}],"replies":[{"embeddable":true,"href":"https:\/\/bosniauknetwork.org\/bs\/wp-json\/wp\/v2\/comments?post=8982"}],"version-history":[{"count":0,"href":"https:\/\/bosniauknetwork.org\/bs\/wp-json\/wp\/v2\/posts\/8982\/revisions"}],"wp:featuredmedia":[{"embeddable":true,"href":"https:\/\/bosniauknetwork.org\/bs\/wp-json\/wp\/v2\/media\/13294"}],"wp:attachment":[{"href":"https:\/\/bosniauknetwork.org\/bs\/wp-json\/wp\/v2\/media?parent=8982"}],"wp:term":[{"taxonomy":"category","embeddable":true,"href":"https:\/\/bosniauknetwork.org\/bs\/wp-json\/wp\/v2\/categories?post=8982"},{"taxonomy":"post_tag","embeddable":true,"href":"https:\/\/bosniauknetwork.org\/bs\/wp-json\/wp\/v2\/tags?post=8982"}],"curies":[{"name":"wp","href":"https:\/\/api.w.org\/{rel}","templated":true}]}}