{"id":8991,"date":"2023-11-24T16:45:05","date_gmt":"2023-11-24T16:45:05","guid":{"rendered":"https:\/\/bosniauknetwork.org\/lider-birminghama-cll-john-cotton-cestitao-dan-drzavnosti-bih\/"},"modified":"2023-11-24T16:45:05","modified_gmt":"2023-11-24T16:45:05","slug":"lider-birminghama-cll-john-cotton-cestitao-dan-drzavnosti-bih","status":"publish","type":"post","link":"https:\/\/bosniauknetwork.org\/bs\/lider-birminghama-cll-john-cotton-cestitao-dan-drzavnosti-bih\/","title":{"rendered":"LIDER BIRMINGHAMA CLL JOHN COTTON \u010cESTITAO DAN DR\u017dAVNOSTI BIH"},"content":{"rendered":"<div class=\"xdj266r x11i5rnm xat24cr x1mh8g0r x1vvkbs x126k92a\">\n<div dir=\"auto\">\u017delim po\u017eeljeti bosanskoj zajednici u Birminghamu sve najbolje dok obilje\u017eavaju Dan dr\u017eavnosti. Ponosan sam \u0161to je Birmingham pru\u017eio uto\u010di\u0161te bosanskom narodu kada su se suo\u010dili s jedinim genocidom na evropskom tlu od Drugog svjetskog rata.<\/div>\n<\/div>\n<div class=\"x11i5rnm xat24cr x1mh8g0r x1vvkbs xtlvy1s x126k92a\">\n<div dir=\"auto\">Sada, Bosanskohercegova\u010dka mre\u017ea Ujedinjenog Kraljevstva pru\u017ea podr\u0161ku ne samo svojim sugra\u0111anima ve\u0107 i ljudima iz cijelog svijeta, uklju\u010duju\u0107i Siriju i Ukrajinu, dok grade svoje \u017eivote u na\u0161em gradu. Imao sam privilegiju posjetiti novu Bosansku ku\u0107u da se uvjerim u njihov izvanredan rad.\u201d<\/div>\n<div dir=\"auto\"><a class=\"dt-pswp-item\" href=https:\/\/bosniauknetwork.org\/wp-content\/uploads\/2023\/11\/405883886_688156410080429_7839234165800702455_n-1.jpg\" data-dt-img-description=\"\" data-large_image_width=\"720\" data-large_image_height=\"1280\"><img fetchpriority=\"high\" class=\"alignnone  wp-image-8992\" src=https:\/\/bosniauknetwork.org\/wp-content\/uploads\/2023\/11\/405883886_688156410080429_7839234165800702455_n-1.jpg\" alt=\"\" width=\"999\" height=\"1776\" \/><\/a><\/div>\n<\/div>\n","protected":false},"excerpt":{"rendered":"<p>\u017delim po\u017eeljeti bosanskoj zajednici u Birminghamu sve najbolje dok obilje\u017eavaju Dan dr\u017eavnosti. Ponosan sam \u0161to je Birmingham pru\u017eio uto\u010di\u0161te bosanskom narodu kada su se suo\u010dili s jedinim genocidom na evropskom [&hellip;]<\/p>\n","protected":false},"author":1,"featured_media":13288,"comment_status":"closed","ping_status":"closed","sticky":false,"template":"","format":"standard","meta":{"site-sidebar-layout":"default","site-content-layout":"","ast-site-content-layout":"default","site-content-style":"default","site-sidebar-style":"default","ast-global-header-display":"","ast-banner-title-visibility":"","ast-main-header-display":"","ast-hfb-above-header-display":"","ast-hfb-below-header-display":"","ast-hfb-mobile-header-display":"","site-post-title":"","ast-breadcrumbs-content":"","ast-featured-img":"","footer-sml-layout":"","ast-disable-related-posts":"","theme-transparent-header-meta":"","adv-header-id-meta":"","stick-header-meta":"","header-above-stick-meta":"","header-main-stick-meta":"","header-below-stick-meta":"","astra-migrate-meta-layouts":"default","ast-page-background-enabled":"default","ast-page-background-meta":{"desktop":{"background-color":"","background-image":"","background-repeat":"repeat","background-position":"center center","background-size":"auto","background-attachment":"scroll","background-type":"","background-media":"","overlay-type":"","overlay-color":"","overlay-opacity":"","overlay-gradient":""},"tablet":{"background-color":"","background-image":"","background-repeat":"repeat","background-position":"center center","background-size":"auto","background-attachment":"scroll","background-type":"","background-media":"","overlay-type":"","overlay-color":"","overlay-opacity":"","overlay-gradient":""},"mobile":{"background-color":"","background-image":"","background-repeat":"repeat","background-position":"center center","background-size":"auto","background-attachment":"scroll","background-type":"","background-media":"","overlay-type":"","overlay-color":"","overlay-opacity":"","overlay-gradient":""}},"ast-content-background-meta":{"desktop":{"background-color":"var(--ast-global-color-5)","background-image":"","background-repeat":"repeat","background-position":"center center","background-size":"auto","background-attachment":"scroll","background-type":"","background-media":"","overlay-type":"","overlay-color":"","overlay-opacity":"","overlay-gradient":""},"tablet":{"background-color":"var(--ast-global-color-5)","background-image":"","background-repeat":"repeat","background-position":"center center","background-size":"auto","background-attachment":"scroll","background-type":"","background-media":"","overlay-type":"","overlay-color":"","overlay-opacity":"","overlay-gradient":""},"mobile":{"background-color":"var(--ast-global-color-5)","background-image":"","background-repeat":"repeat","background-position":"center center","background-size":"auto","background-attachment":"scroll","background-type":"","background-media":"","overlay-type":"","overlay-color":"","overlay-opacity":"","overlay-gradient":""}},"_themeisle_gutenberg_block_has_review":false,"footnotes":""},"categories":[6],"tags":[],"class_list":["post-8991","post","type-post","status-publish","format-standard","has-post-thumbnail","hentry","category-news-updates"],"_links":{"self":[{"href":"https:\/\/bosniauknetwork.org\/bs\/wp-json\/wp\/v2\/posts\/8991","targetHints":{"allow":["GET"]}}],"collection":[{"href":"https:\/\/bosniauknetwork.org\/bs\/wp-json\/wp\/v2\/posts"}],"about":[{"href":"https:\/\/bosniauknetwork.org\/bs\/wp-json\/wp\/v2\/types\/post"}],"author":[{"embeddable":true,"href":"https:\/\/bosniauknetwork.org\/bs\/wp-json\/wp\/v2\/users\/1"}],"replies":[{"embeddable":true,"href":"https:\/\/bosniauknetwork.org\/bs\/wp-json\/wp\/v2\/comments?post=8991"}],"version-history":[{"count":0,"href":"https:\/\/bosniauknetwork.org\/bs\/wp-json\/wp\/v2\/posts\/8991\/revisions"}],"wp:featuredmedia":[{"embeddable":true,"href":"https:\/\/bosniauknetwork.org\/bs\/wp-json\/wp\/v2\/media\/13288"}],"wp:attachment":[{"href":"https:\/\/bosniauknetwork.org\/bs\/wp-json\/wp\/v2\/media?parent=8991"}],"wp:term":[{"taxonomy":"category","embeddable":true,"href":"https:\/\/bosniauknetwork.org\/bs\/wp-json\/wp\/v2\/categories?post=8991"},{"taxonomy":"post_tag","embeddable":true,"href":"https:\/\/bosniauknetwork.org\/bs\/wp-json\/wp\/v2\/tags?post=8991"}],"curies":[{"name":"wp","href":"https:\/\/api.w.org\/{rel}","templated":true}]}}