{"id":9203,"date":"2024-06-01T13:02:09","date_gmt":"2024-06-01T13:02:09","guid":{"rendered":"https:\/\/bosniauknetwork.org\/u-velikoj-britaniji-obiljezen-dan-bijelih-traka\/"},"modified":"2024-06-01T13:02:09","modified_gmt":"2024-06-01T13:02:09","slug":"u-velikoj-britaniji-obiljezen-dan-bijelih-traka","status":"publish","type":"post","link":"https:\/\/bosniauknetwork.org\/bs\/u-velikoj-britaniji-obiljezen-dan-bijelih-traka\/","title":{"rendered":"U Velikoj Britaniji obilje\u017een Dan bijelih traka"},"content":{"rendered":"<p>Dan bijelih traka je dan sje\u0107anja na doga\u0111aje koji su po\u010deli 31. maja 1992. godine na podru\u010dju op\u0107ine Prijedor.<\/p>\n<p>Tog dana, nasilno postavljena vlast i njen Krizni \u0161tab izdali su naredbu svim nesrbima da na svojim <strong>ku\u0107ama poka\u017eu bijele plahte, dok su nesrbi, uglavnom Bo\u0161njaci i Hrvati<\/strong>, morali nositi bijele trake na rukama na javnim mjestima. To je bio uvod u etni\u010dko \u010di\u0161\u0107enje nesrpskog stanovni\u0161tva i genocid nad Bo\u0161njacima na podru\u010dju Prijedora.<\/p>\n<p><a class=\"dt-pswp-item\" href=https:\/\/bosniauknetwork.org\/wp-content\/uploads\/2024\/06\/2.jpg\" data-dt-img-description=\"\" data-large_image_width=\"2000\" data-large_image_height=\"1500\"><img fetchpriority=\"high\" class=\"alignnone size-full wp-image-9208\" src=https:\/\/bosniauknetwork.org\/wp-content\/uploads\/2024\/06\/2.jpg\" alt=\"\" width=\"2000\" height=\"1500\" \/><\/a>Program je po\u010deo intoniranjem himne domovine Bosne i Hercegovine. Prisutnima su se obratili <strong>Denis Hati\u0107<\/strong>, predsjednik BHCA Coventry i <strong>Anes Ceri\u0107<\/strong>, izvr\u0161nio direktor BH UK Network. Podsjetili su na zna\u010daj ovog obilje\u017eavanja kako se ne bi zaboravile nevino stradale \u017ertve tokom agresije na Bosnu i Hercegovinu. \u00a0Dr. Ceri\u0107 je tako\u0111er govorio o va\u017enosti nedavno usvjene usvojene rezolucije za genocid u Srebrenici. Iskoristio je priliku da se zahvali Vladi Ujedinjenog Kraljevstva za kosponzorisanje rezoluicije i kontinuiranu podr\u0161ku na\u0161oj domovini.<\/p>\n<p><a class=\"dt-pswp-item\" href=https:\/\/bosniauknetwork.org\/wp-content\/uploads\/2024\/06\/\u0160kola-Coventry.jpg\" data-dt-img-description=\"\" data-large_image_width=\"1600\" data-large_image_height=\"1200\"><img class=\"alignnone size-full wp-image-9209\" src=https:\/\/bosniauknetwork.org\/wp-content\/uploads\/2024\/06\/\u0160kola-Coventry.jpg\" alt=\"\" width=\"1600\" height=\"1200\" \/><\/a>Zatim je sljedila prezentacija u\u010denika\u00a0\u00a0BiH dopunske \u0161kole Coventry. \u00a0Na veoma <strong>emotivan na\u010din podsjetili su na 102 ubijene djece<\/strong>. ovom prilikom \u017eelimo da se zahvalimo u\u010diteljima, u\u010denicima I roditeljima na rad I trud koji su ulo\u017eili da \u0161kolski dio programa bude ono \u0161to smo I o\u010dekivali, odli\u010dan.<\/p>\n<p><a class=\"dt-pswp-item\" href=https:\/\/bosniauknetwork.org\/wp-content\/uploads\/2024\/06\/DENIS-HATIC.jpg\" data-dt-img-description=\"\" data-large_image_width=\"1280\" data-large_image_height=\"960\"><img class=\"alignnone size-full wp-image-9210\" src=https:\/\/bosniauknetwork.org\/wp-content\/uploads\/2024\/06\/DENIS-HATIC.jpg\" alt=\"\" width=\"1280\" height=\"960\" \/><\/a>U nastavku je prikazan dokumentarni film o zvjerstvima\u00a0\u00a0kojima su bili izlo\u017eeni zarobljenici u logorima u<strong> Omarskoj, Keratermu i Trnopolju<\/strong>. Seobiha Fori\u0107 pro\u010ditala je poemu <em>Hava Majka Prijedo\u010danka<\/em>, a \u00a0Lejla Medi\u0107 je pro\u010ditala tragi\u010dnu pri\u010du o Kozara\u010dkom policajcu, Emiru Karaba\u0161i\u0107u.<\/p>\n<p><a class=\"dt-pswp-item\" href=https:\/\/bosniauknetwork.org\/wp-content\/uploads\/2024\/06\/3.jpg\" data-dt-img-description=\"\" data-large_image_width=\"1600\" data-large_image_height=\"1200\"><img loading=\"lazy\" class=\"alignnone size-full wp-image-9211\" src=https:\/\/bosniauknetwork.org\/wp-content\/uploads\/2024\/06\/3.jpg\" alt=\"\" width=\"1600\" height=\"1200\" \/><\/a>\u017delimo da se zahvalimo Bosnia UK Network-u na podr\u017eci. Tako\u0111er, zahvaljujemo se u\u010diteljima BiH dopunske \u0161kole Coventry, <strong>Senadinu Selimi\u0107u, Arneli Pa\u0161i\u0107 i Saneli Kabli\u0107<\/strong>, u\u010denicima i roditeljima na radu i trudu da \u0161kolski dio programa bude ono \u0161to smo i o\u010dekivali, edukativan i emotivan.<\/p>\n<p><a class=\"dt-pswp-item\" href=https:\/\/bosniauknetwork.org\/wp-content\/uploads\/2024\/06\/Benjamin-Mulalic-1.jpg\" data-dt-img-description=\"\" data-large_image_width=\"1280\" data-large_image_height=\"960\"><img loading=\"lazy\" class=\"alignnone size-full wp-image-9212\" src=https:\/\/bosniauknetwork.org\/wp-content\/uploads\/2024\/06\/Benjamin-Mulalic-1.jpg\" alt=\"\" width=\"1280\" height=\"960\" \/><\/a>Voditelj ovogodi\u0161njeg obilje\u017eavanja je bio <strong>Benjamin Mulali\u0107<\/strong>.<\/p>\n<p>Tokom tri i po godine rata na podru\u010dju<strong> Prijedora ubijeno je 3.176 ljudi<\/strong>. Desetine hiljada ljudi pro\u0161lo je kroz koncentracione logore, poput Omarske, Trnopolja i Keraterma, koji su bili podvrgnuti masovnim pogubljenjima, zlo\u010dinima silovanja, raznim vrstama torture, kao i zlo\u010dinima protiv \u010dovje\u010dnosti. Tako\u0111er, u Prijedoru je ubijeno 102 djece mla\u0111e od 18 godina.<\/p>\n","protected":false},"excerpt":{"rendered":"<p>Dan bijelih traka je dan sje\u0107anja na doga\u0111aje koji su po\u010deli 31. maja 1992. godine na podru\u010dju op\u0107ine Prijedor. Tog dana, nasilno postavljena vlast i njen Krizni \u0161tab izdali su [&hellip;]<\/p>\n","protected":false},"author":1,"featured_media":13399,"comment_status":"closed","ping_status":"closed","sticky":false,"template":"","format":"standard","meta":{"site-sidebar-layout":"default","site-content-layout":"","ast-site-content-layout":"default","site-content-style":"default","site-sidebar-style":"default","ast-global-header-display":"","ast-banner-title-visibility":"","ast-main-header-display":"","ast-hfb-above-header-display":"","ast-hfb-below-header-display":"","ast-hfb-mobile-header-display":"","site-post-title":"","ast-breadcrumbs-content":"","ast-featured-img":"","footer-sml-layout":"","ast-disable-related-posts":"","theme-transparent-header-meta":"","adv-header-id-meta":"","stick-header-meta":"","header-above-stick-meta":"","header-main-stick-meta":"","header-below-stick-meta":"","astra-migrate-meta-layouts":"default","ast-page-background-enabled":"default","ast-page-background-meta":{"desktop":{"background-color":"","background-image":"","background-repeat":"repeat","background-position":"center center","background-size":"auto","background-attachment":"scroll","background-type":"","background-media":"","overlay-type":"","overlay-color":"","overlay-opacity":"","overlay-gradient":""},"tablet":{"background-color":"","background-image":"","background-repeat":"repeat","background-position":"center center","background-size":"auto","background-attachment":"scroll","background-type":"","background-media":"","overlay-type":"","overlay-color":"","overlay-opacity":"","overlay-gradient":""},"mobile":{"background-color":"","background-image":"","background-repeat":"repeat","background-position":"center center","background-size":"auto","background-attachment":"scroll","background-type":"","background-media":"","overlay-type":"","overlay-color":"","overlay-opacity":"","overlay-gradient":""}},"ast-content-background-meta":{"desktop":{"background-color":"var(--ast-global-color-5)","background-image":"","background-repeat":"repeat","background-position":"center center","background-size":"auto","background-attachment":"scroll","background-type":"","background-media":"","overlay-type":"","overlay-color":"","overlay-opacity":"","overlay-gradient":""},"tablet":{"background-color":"var(--ast-global-color-5)","background-image":"","background-repeat":"repeat","background-position":"center center","background-size":"auto","background-attachment":"scroll","background-type":"","background-media":"","overlay-type":"","overlay-color":"","overlay-opacity":"","overlay-gradient":""},"mobile":{"background-color":"var(--ast-global-color-5)","background-image":"","background-repeat":"repeat","background-position":"center center","background-size":"auto","background-attachment":"scroll","background-type":"","background-media":"","overlay-type":"","overlay-color":"","overlay-opacity":"","overlay-gradient":""}},"_themeisle_gutenberg_block_has_review":false,"footnotes":""},"categories":[1],"tags":[],"class_list":["post-9203","post","type-post","status-publish","format-standard","has-post-thumbnail","hentry","category-uncategorized-bs"],"_links":{"self":[{"href":"https:\/\/bosniauknetwork.org\/bs\/wp-json\/wp\/v2\/posts\/9203","targetHints":{"allow":["GET"]}}],"collection":[{"href":"https:\/\/bosniauknetwork.org\/bs\/wp-json\/wp\/v2\/posts"}],"about":[{"href":"https:\/\/bosniauknetwork.org\/bs\/wp-json\/wp\/v2\/types\/post"}],"author":[{"embeddable":true,"href":"https:\/\/bosniauknetwork.org\/bs\/wp-json\/wp\/v2\/users\/1"}],"replies":[{"embeddable":true,"href":"https:\/\/bosniauknetwork.org\/bs\/wp-json\/wp\/v2\/comments?post=9203"}],"version-history":[{"count":0,"href":"https:\/\/bosniauknetwork.org\/bs\/wp-json\/wp\/v2\/posts\/9203\/revisions"}],"wp:featuredmedia":[{"embeddable":true,"href":"https:\/\/bosniauknetwork.org\/bs\/wp-json\/wp\/v2\/media\/13399"}],"wp:attachment":[{"href":"https:\/\/bosniauknetwork.org\/bs\/wp-json\/wp\/v2\/media?parent=9203"}],"wp:term":[{"taxonomy":"category","embeddable":true,"href":"https:\/\/bosniauknetwork.org\/bs\/wp-json\/wp\/v2\/categories?post=9203"},{"taxonomy":"post_tag","embeddable":true,"href":"https:\/\/bosniauknetwork.org\/bs\/wp-json\/wp\/v2\/tags?post=9203"}],"curies":[{"name":"wp","href":"https:\/\/api.w.org\/{rel}","templated":true}]}}