{"id":9333,"date":"2024-06-30T13:45:41","date_gmt":"2024-06-30T13:45:41","guid":{"rendered":"https:\/\/bosniauknetwork.org\/velika-britanija-marsom-mira-pocelo-obiljezavanje-29-te-godisnjice-srebrenickog-genocida\/"},"modified":"2024-06-30T13:45:41","modified_gmt":"2024-06-30T13:45:41","slug":"velika-britanija-marsom-mira-pocelo-obiljezavanje-29-te-godisnjice-srebrenickog-genocida","status":"publish","type":"post","link":"https:\/\/bosniauknetwork.org\/bs\/velika-britanija-marsom-mira-pocelo-obiljezavanje-29-te-godisnjice-srebrenickog-genocida\/","title":{"rendered":"Velika Britanija- Mar\u0161om mira po\u010delo obilje\u017eavanje 29-te godi\u0161njice Srebreni\u010dkog genocida\u00a0"},"content":{"rendered":"<p><strong>U Velikoj Britaniji je Mar\u0161om mira u gradu Guildfordu, nadomak Londona, otpo\u010delo obilje\u017eavanje 29te godi\u0161njice sje\u0107anja na najkrvaviji zlo\u010din na tlu Evrope od drugog svjetskog rata.<span class=\"Apple-converted-space\">\u00a0<\/span><\/strong><\/p>\n<p>Velik broja \u010dlanova bosanskohercegova\u010dke dijaspore odazvao se na poziv <strong>Muje Deli\u0107a<\/strong> te njegove porodice i prijatelja da kroz dvosatnu \u0161etnju i progodnim programom odaju po\u010dast svim \u017ertvama Srebreni\u010dkog genocida.<span class=\"Apple-converted-space\">\u00a0 \u00a0<\/span><\/p>\n<p><a class=\"dt-pswp-item\" href=https:\/\/bosniauknetwork.org\/wp-content\/uploads\/2024\/06\/Mars-mira-2.jpg\" data-dt-img-description=\"\" data-large_image_width=\"1162\" data-large_image_height=\"2048\"><img fetchpriority=\"high\" class=\"alignnone size-full wp-image-9335\" src=https:\/\/bosniauknetwork.org\/wp-content\/uploads\/2024\/06\/Mars-mira-2.jpg\" alt=\"\" width=\"1162\" height=\"2048\" \/><\/a>Tokom \u0161etnje Mujo je u\u010desnicima prezentovao kako je izgledao proboj u cilju da stignu do slobodne teritorije.<span class=\"Apple-converted-space\">\u00a0 <\/span>Govorio je<span class=\"Apple-converted-space\">\u00a0 <\/span>o njegovom pre\u017eivljavanju, gubitka porodice kao i svih koje je poznavao, na\u010din na koji su pre\u017eivljavali najte\u017ea ranjavanja i no\u0161enju ranjenika u te\u0161kim uslovima.<\/p>\n<p><a class=\"dt-pswp-item\" href=https:\/\/bosniauknetwork.org\/wp-content\/uploads\/2024\/06\/449457580_10160515126253264_3615367849581605581_n.jpg\" data-dt-img-description=\"\" data-large_image_width=\"2048\" data-large_image_height=\"1366\"><img class=\"alignnone size-full wp-image-9336\" src=https:\/\/bosniauknetwork.org\/wp-content\/uploads\/2024\/06\/449457580_10160515126253264_3615367849581605581_n.jpg\" alt=\"\" width=\"2048\" height=\"1366\" \/><\/a>Na kraju vi\u0161esatnog mar\u0161iranja odr\u017ean je \u010das historije. Fokus je bio na omladini.<\/p>\n<p><strong>Alen Sulji\u0107<\/strong> je imao 9 godina tokom geonocida u Srebrenici. Prisutnima je opisao kako je sa majkom i 2 brata pre\u017eivio Poto\u010dare gdje je svojim o\u010dima vidi \u0161ta \u010detnici rade nedu\u017enom narodu i kako se ljudi iz o\u010daja vje\u0161aju. Bje\u017eali su od zlo\u010dinaca u namjeri da do\u0111u do slobodne teritorije.<span class=\"Apple-converted-space\">\u00a0 <\/span>U tom mar\u0161u smrti Alen je izgubio oca.<span class=\"Apple-converted-space\">\u00a0<\/span><\/p>\n<p><strong><a class=\"dt-pswp-item\" href=https:\/\/bosniauknetwork.org\/wp-content\/uploads\/2024\/06\/mars-mira-8.jpg\" data-dt-img-description=\"\" data-large_image_width=\"1600\" data-large_image_height=\"739\"><img class=\"alignnone size-full wp-image-9337\" src=https:\/\/bosniauknetwork.org\/wp-content\/uploads\/2024\/06\/mars-mira-8.jpg\" alt=\"\" width=\"1600\" height=\"739\" \/><\/a>Zijad Fajkovi\u0107<\/strong> iz Bosanske Gradi\u0161ke imao je dvanaest godina kada su mu kom\u0161ije srbi<span class=\"Apple-converted-space\">\u00a0 <\/span>odveli oca i amid\u017ee 1992 godine. I nakon trideset dvije godine nisu prona\u0111eni tako da ni sada ne zna da li su \u017eivi. Ispri\u010dao je kako je sa majkom i sestrom kao dvanaestogodi\u0161njak preko Hrvatske i Slovenije do\u0161ao u Veliku Britaniju.<span class=\"Apple-converted-space\">\u00a0<\/span><\/p>\n<p><strong>Meho Jakupovi\u0107<\/strong> je ispri\u010dao strahote koje je pre\u017eivio u srpskim logorima u Bosanskoj krajini a <strong>Fahra Jamakovi\u0107<\/strong>, sarajka sa privremenom adresom u Londonu pro\u010ditala je dvije poezije o Srebrenici. <strong>Samir Mehmedovi\u0107<\/strong> je pro\u010ditao pri\u010du o sinu i majci, pod emotivnim nazivom \u201cNisam te poljubio, majko\u201d.<span class=\"Apple-converted-space\">\u00a0<\/span><\/p>\n<p><strong><a class=\"dt-pswp-item\" href=https:\/\/bosniauknetwork.org\/wp-content\/uploads\/2024\/06\/mars-mira-11.jpg\" data-dt-img-description=\"\" data-large_image_width=\"1600\" data-large_image_height=\"1200\"><img loading=\"lazy\" class=\"alignnone size-full wp-image-9339\" src=https:\/\/bosniauknetwork.org\/wp-content\/uploads\/2024\/06\/mars-mira-11.jpg\" alt=\"\" width=\"1600\" height=\"1200\" \/><\/a>Sabit Jakupovi\u0107 MBE<\/strong> porijeklom iz Kozarca, je pre\u017eivio<span class=\"Apple-converted-space\">\u00a0 <\/span>dva logora, Manja\u010du i<span class=\"Apple-converted-space\">\u00a0 <\/span>Omarsku. Opisao je strah, bol povrede zbog kojih je kao medicinski evakuant doveden u Englesku. Dobitnik je priznanja od <strong>Kralja \u010carlsa III<\/strong> za dogogodi\u0161nju posve\u0107enost obrazovanju i obilje\u017eavanju genocida.<span class=\"Apple-converted-space\">\u00a0<\/span><\/p>\n<p>Na kraju se obratio <strong>Zaim Pa\u0161i\u0107 predsjednik BH UK Networka<\/strong> i prvoborac Armije Republike Bosne i Hercegovine. Zaim se ispred BH UK Networka zahvalio organizatoru i dodao da mu je drago \u0161to vidi dosta mladih. Pozvao je da jedni druge podr\u017eavaju te da ne zaborave svoju domovinu Bosnu i Hercegovinu.<\/p>\n<p><strong>Jasmin ef. Odoba\u0161i\u0107<\/strong> je sa svojim kolegama efendijama prou\u010dio Jasin i Dovu za sve \u0161ehide Bosne i Hercegovine.<span class=\"Apple-converted-space\">\u00a0<\/span><\/p>\n<p><a class=\"dt-pswp-item\" href=https:\/\/bosniauknetwork.org\/wp-content\/uploads\/2024\/06\/thumbnail_IMG_1732-1.jpg\" data-dt-img-description=\"\" data-large_image_width=\"1440\" data-large_image_height=\"1920\"><img loading=\"lazy\" class=\"alignnone size-full wp-image-9340\" src=https:\/\/bosniauknetwork.org\/wp-content\/uploads\/2024\/06\/thumbnail_IMG_1732-1.jpg\" alt=\"\" width=\"1440\" height=\"1920\" \/><\/a>Program je vodila <strong>Lejla Deli\u0107-\u0106atibu\u0161i\u0107<\/strong>, kojoj je u genocidu ubijeno vise od 30 \u010dlanova porodice. Svake godine u\u010destvuje i u Mar\u0161u mira.\u201cU kontaktu sam sa bh omladinom \u0161irom svijeta i zajedno dajemo doprinos u organizovanju Mar\u0161a mira. Ponosna sam na \u010dinjenicu da se svake godine tokom sedmice sje\u0107anja na Srebrenicu u UK organizuje vi\u0161e od 1000 komemoracija. Kao mlada osoba porijeklom iz Bosne, zahvaljujem se Vladi Ujedinjenog Kraljevstva, organizaciji Remembering Srebrenica, BH UK Networku i mnogobrojnim aktivistima koji daju ogroman doprinos da se genocid u Srebrenici ne zaboravi\u201d, izjavila je Lejla.<span class=\"Apple-converted-space\">\u00a0<\/span><\/p>\n<p><a class=\"dt-pswp-item\" href=https:\/\/bosniauknetwork.org\/wp-content\/uploads\/2024\/06\/viber_image_2024-06-30_12-40-01-285.jpg\" data-dt-img-description=\"\" data-large_image_width=\"1600\" data-large_image_height=\"739\"><img loading=\"lazy\" class=\"alignnone size-full wp-image-9341\" src=https:\/\/bosniauknetwork.org\/wp-content\/uploads\/2024\/06\/viber_image_2024-06-30_12-40-01-285.jpg\" alt=\"\" width=\"1600\" height=\"739\" \/><\/a>Zahvaljujemo se <strong>Enesu \u0106atibu\u0161i\u0107u<\/strong> koji je uradio video zapis Mar\u0161 mira a cjelokupan program mo\u017ee se pogledati na fb stranici BH UK Networka. <a href=\"https:\/\/www.facebook.com\/bosniauknetwork\/\">https:\/\/www.facebook.com\/bosniauknetwork\/<\/a><span class=\"Apple-converted-space\">\u00a0<\/span><\/p>\n<p>Ponajvi\u0161e zahvaljuju\u0107i organizaciji Remembering Srebrenica,\u00a0Ujedinjeno Kraljevstvo je jedina zemlja izvan Bosne i Hercegovine koja obilje\u017eava godi\u0161njicu genocida u Srebrenici na nacionalnom nivou. To \u010dini uz podr\u0161ku bh zajednice na Ostrvu, osam regionalnih odbora i tri dr\u017eavna odbora u \u0160kotskoj, Walesu i Sjevernoj Irska te vi\u0161e od 1.500 aktivista koji\u00a0odaju po\u010dast \u017ertvama i pre\u017eivjelima genocida i u\u010de ljude opasnostima mr\u017enje i va\u017enosti izgradnje kohezivnijih zajednica za sve.<\/p>\n<p>BH UK Network<\/p>\n","protected":false},"excerpt":{"rendered":"<p>U Velikoj Britaniji je Mar\u0161om mira u gradu Guildfordu, nadomak Londona, otpo\u010delo obilje\u017eavanje 29te godi\u0161njice sje\u0107anja na najkrvaviji zlo\u010din na tlu Evrope od drugog svjetskog rata.\u00a0 Velik broja \u010dlanova bosanskohercegova\u010dke [&hellip;]<\/p>\n","protected":false},"author":1,"featured_media":13473,"comment_status":"closed","ping_status":"closed","sticky":false,"template":"","format":"standard","meta":{"site-sidebar-layout":"default","site-content-layout":"","ast-site-content-layout":"default","site-content-style":"default","site-sidebar-style":"default","ast-global-header-display":"","ast-banner-title-visibility":"","ast-main-header-display":"","ast-hfb-above-header-display":"","ast-hfb-below-header-display":"","ast-hfb-mobile-header-display":"","site-post-title":"","ast-breadcrumbs-content":"","ast-featured-img":"","footer-sml-layout":"","ast-disable-related-posts":"","theme-transparent-header-meta":"","adv-header-id-meta":"","stick-header-meta":"","header-above-stick-meta":"","header-main-stick-meta":"","header-below-stick-meta":"","astra-migrate-meta-layouts":"default","ast-page-background-enabled":"default","ast-page-background-meta":{"desktop":{"background-color":"","background-image":"","background-repeat":"repeat","background-position":"center center","background-size":"auto","background-attachment":"scroll","background-type":"","background-media":"","overlay-type":"","overlay-color":"","overlay-opacity":"","overlay-gradient":""},"tablet":{"background-color":"","background-image":"","background-repeat":"repeat","background-position":"center center","background-size":"auto","background-attachment":"scroll","background-type":"","background-media":"","overlay-type":"","overlay-color":"","overlay-opacity":"","overlay-gradient":""},"mobile":{"background-color":"","background-image":"","background-repeat":"repeat","background-position":"center center","background-size":"auto","background-attachment":"scroll","background-type":"","background-media":"","overlay-type":"","overlay-color":"","overlay-opacity":"","overlay-gradient":""}},"ast-content-background-meta":{"desktop":{"background-color":"var(--ast-global-color-5)","background-image":"","background-repeat":"repeat","background-position":"center center","background-size":"auto","background-attachment":"scroll","background-type":"","background-media":"","overlay-type":"","overlay-color":"","overlay-opacity":"","overlay-gradient":""},"tablet":{"background-color":"var(--ast-global-color-5)","background-image":"","background-repeat":"repeat","background-position":"center center","background-size":"auto","background-attachment":"scroll","background-type":"","background-media":"","overlay-type":"","overlay-color":"","overlay-opacity":"","overlay-gradient":""},"mobile":{"background-color":"var(--ast-global-color-5)","background-image":"","background-repeat":"repeat","background-position":"center center","background-size":"auto","background-attachment":"scroll","background-type":"","background-media":"","overlay-type":"","overlay-color":"","overlay-opacity":"","overlay-gradient":""}},"_themeisle_gutenberg_block_has_review":false,"footnotes":""},"categories":[1],"tags":[],"class_list":["post-9333","post","type-post","status-publish","format-standard","has-post-thumbnail","hentry","category-uncategorized-bs"],"_links":{"self":[{"href":"https:\/\/bosniauknetwork.org\/bs\/wp-json\/wp\/v2\/posts\/9333","targetHints":{"allow":["GET"]}}],"collection":[{"href":"https:\/\/bosniauknetwork.org\/bs\/wp-json\/wp\/v2\/posts"}],"about":[{"href":"https:\/\/bosniauknetwork.org\/bs\/wp-json\/wp\/v2\/types\/post"}],"author":[{"embeddable":true,"href":"https:\/\/bosniauknetwork.org\/bs\/wp-json\/wp\/v2\/users\/1"}],"replies":[{"embeddable":true,"href":"https:\/\/bosniauknetwork.org\/bs\/wp-json\/wp\/v2\/comments?post=9333"}],"version-history":[{"count":0,"href":"https:\/\/bosniauknetwork.org\/bs\/wp-json\/wp\/v2\/posts\/9333\/revisions"}],"wp:featuredmedia":[{"embeddable":true,"href":"https:\/\/bosniauknetwork.org\/bs\/wp-json\/wp\/v2\/media\/13473"}],"wp:attachment":[{"href":"https:\/\/bosniauknetwork.org\/bs\/wp-json\/wp\/v2\/media?parent=9333"}],"wp:term":[{"taxonomy":"category","embeddable":true,"href":"https:\/\/bosniauknetwork.org\/bs\/wp-json\/wp\/v2\/categories?post=9333"},{"taxonomy":"post_tag","embeddable":true,"href":"https:\/\/bosniauknetwork.org\/bs\/wp-json\/wp\/v2\/tags?post=9333"}],"curies":[{"name":"wp","href":"https:\/\/api.w.org\/{rel}","templated":true}]}}