{"id":9372,"date":"2024-07-19T14:39:27","date_gmt":"2024-07-19T14:39:27","guid":{"rendered":"https:\/\/bosniauknetwork.org\/london-denis-becirovic-ucestvovao-na-komemoraciji-u-okviru-obiljezavanja-nacionalnog-dana-sjecanja-na-zrtve-genocida-u-srebrenici\/"},"modified":"2024-07-19T14:39:27","modified_gmt":"2024-07-19T14:39:27","slug":"london-denis-becirovic-ucestvovao-na-komemoraciji-u-okviru-obiljezavanja-nacionalnog-dana-sjecanja-na-zrtve-genocida-u-srebrenici","status":"publish","type":"post","link":"https:\/\/bosniauknetwork.org\/bs\/london-denis-becirovic-ucestvovao-na-komemoraciji-u-okviru-obiljezavanja-nacionalnog-dana-sjecanja-na-zrtve-genocida-u-srebrenici\/","title":{"rendered":"LONDON Denis Be\u0107irovi\u0107 u\u010destvovao na komemoraciji u okviru obilje\u017eavanja Nacionalnog dana sje\u0107anja na \u017ertve genocida u Srebrenici"},"content":{"rendered":"<p>Pre\u017eivjeli genocid, diplomate i lideri zajednica okupili su se na nacionalnom obilje\u017eavanju 29. godi\u0161njicu genocida u Srebrenici. Komemoracija je od\u017eana u Locarno apartmanu u Uredu za vanjske poslove, Commonwealth i razvoj u Londonu. Doga\u0111aj je u znak sje\u0107anja na ubijene u najgorem zlo\u010dinu na tlu Evrope od Drugog svjetskog rata.<span class=\"Apple-converted-space\">\u00a0<\/span><\/p>\n<p><b><a class=\"dt-pswp-item\" href=https:\/\/bosniauknetwork.org\/wp-content\/uploads\/2024\/07\/Denis-Be\u0107itovic-.jpg\" data-dt-img-description=\"\" data-large_image_width=\"2048\" data-large_image_height=\"1536\"><img fetchpriority=\"high\" class=\"alignnone size-full wp-image-9374\" src=https:\/\/bosniauknetwork.org\/wp-content\/uploads\/2024\/07\/Denis-Be\u0107itovic-.jpg\" alt=\"\" width=\"2048\" height=\"1536\" \/><\/a>Novoizabrani dr\u017eavni ministar za Evropu Vlade laburista, poslanik Stephen Doughty, bio je doma\u0107in nacionalne komemoracije u Ministarstvu vanjskih poslova, a glavni govornik je bio predsjedavaju\u0107i Predsjedni\u0161tva Bosne i Hercegovine, predsjednik Denis Be\u0107irovi\u0107.<\/b><\/p>\n<p>Be\u0107irovi\u0107 je izrazio zahvalnost Vladi i Parlamentu Velike Britanije na afirmaciji istine o po\u010dinjenom genocidu nad Bo\u0161njacima u Srebrenici. Posebnu zahvalnost uputio je predsjedavaju\u0107em fondacije &#8220;Remembering Srebrenica&#8221; dr. Waqaru Azmiju i prijateljima iz ove fondacije.<\/p>\n<p><a class=\"dt-pswp-item\" href=https:\/\/bosniauknetwork.org\/wp-content\/uploads\/2024\/07\/Novoizabrani-dr\u017eavni-ministar-za-Evropu-Vlade-laburista-poslanik-Stephen-Doughty.jpg\" data-dt-img-description=\"\" data-large_image_width=\"1417\" data-large_image_height=\"797\"><img class=\"alignnone size-full wp-image-9375\" src=https:\/\/bosniauknetwork.org\/wp-content\/uploads\/2024\/07\/Novoizabrani-dr\u017eavni-ministar-za-Evropu-Vlade-laburista-poslanik-Stephen-Doughty.jpg\" alt=\"\" width=\"1417\" height=\"797\" \/><\/a>&#8220;Gra\u0111ani Bosne i Hercegovine veoma cijene anga\u017eman Velike Britanije koje je 2015. predlo\u017eilo Vije\u0107u sigurnosti Ujedinjenih nacija (UN) Rezoluciju o Srebrenici. Na\u017ealost, usvajanje teksta rezolucije zaustavila je Ruska Federacija. Ipak, nisu nas zaustavili u borbi za pravdu. Rezolucija je u maju ove godine usvojena u Generalnoj skup\u0161tini UN-a. Hvala Velikoj Britaniji i brojnim drugim dr\u017eavama koje su glasale za ovu Rezoluciju. Usvajanje Rezolucije o me\u0111unarodnom danu sje\u0107anja i obilje\u017eavanja genocida u Srebrenici predstavlja visoko moralni i civilizacijski \u010din Generalne skup\u0161tine UN-a&#8221;, istakao je Be\u0107irovi\u0107.<\/p>\n<p><a class=\"dt-pswp-item\" href=https:\/\/bosniauknetwork.org\/wp-content\/uploads\/2024\/07\/Denis-Be\u0107irovi\u0107-Lord-Bourne-i-Stephen-Doughty.jpg\" data-dt-img-description=\"\" data-large_image_width=\"1984\" data-large_image_height=\"1116\"><img class=\"alignnone size-full wp-image-9376\" src=https:\/\/bosniauknetwork.org\/wp-content\/uploads\/2024\/07\/Denis-Be\u0107irovi\u0107-Lord-Bourne-i-Stephen-Doughty.jpg\" alt=\"\" width=\"1984\" height=\"1116\" \/><\/a>Naglasio je da Evropa i svijet moraju izvu\u0107i pouke iz Srebrenice i Bosne i Hercegovine.<\/p>\n<p>&#8220;Svako zlo koje ne zaustavimo na po\u010detku postaje kasnije ve\u0107e i opasnije. Zajedno zaustavimo novo zlo u Bosni i Hercegovini. Agresija na Ukrajinu treba biti opomena \u0161ta se doga\u0111a kada se ignorira opasna politika. U Evropi i svijetu trebamo izgraditi kulturu sje\u0107anja na genocid u Srebrenici. Kulturom sje\u0107anja borimo se za demokratiju i ljudska prava. Sje\u0107anjem se borimo za sigurnu budu\u0107nost novih generacija. Hvala Velikoj Britaniji zato \u0161to \u010duva istinu o genocidu u Srebrenici. Hvala Velikoj Britaniji za cjelokupnu pomo\u0107 Bosni i Hercegovini. Mi smo dr\u017eava koja pamti i cijeni svoje prijatelje i saveznike&#8221;, zaklju\u010dio je Be\u0107irovi\u0107.<a class=\"dt-pswp-item\" href=https:\/\/bosniauknetwork.org\/wp-content\/uploads\/2024\/07\/FullSizeRender-1.jpeg\" data-dt-img-description=\"\" data-large_image_width=\"4032\" data-large_image_height=\"2268\"><img loading=\"lazy\" class=\"alignnone size-full wp-image-9364\" src=https:\/\/bosniauknetwork.org\/wp-content\/uploads\/2024\/07\/FullSizeRender-1.jpeg\" alt=\"\" width=\"4032\" height=\"2268\" \/><\/a><\/p>\n<p>Velika Britanija je jedina zemlja izvan Bosne i Hercegovine koja obilje\u017eava genocid u Srebrenici na nacionalnom nivou. Ovaj doga\u0111aj je bio jedan od preko hiljadu doga\u0111aja i aktivnosti koje su se ove sedmice odr\u017eavale \u0161irom Britanije. Razli\u010dite zajednice \u0161irom Ujedinjenog Kraljevstva odr\u017eavaju memorijalne doga\u0111aje i aktivnosti u \u0161kolama, gradskim vije\u0107nicama, dru\u0161tvenim centrima i bogomoljama u \u010dast vi\u0161e od 8.000 mu\u0161karaca i dje\u010daka bosanskih Muslimana ubijenih u samo nekoliko dana u julu 1995. godine.<\/p>\n<p><a class=\"dt-pswp-item\" href=https:\/\/bosniauknetwork.org\/wp-content\/uploads\/2024\/07\/IMG_8831.jpeg\" data-dt-img-description=\"\" data-large_image_width=\"1800\" data-large_image_height=\"1350\"><img loading=\"lazy\" class=\"alignnone size-full wp-image-9370\" src=https:\/\/bosniauknetwork.org\/wp-content\/uploads\/2024\/07\/IMG_8831.jpeg\" alt=\"\" width=\"1800\" height=\"1350\" \/><\/a>Predsjedavaju\u0107i Sje\u0107anje na Srebrenicu UK, dr. Waqar Azmi OBE, rekao je: \u201eOgromna je privilegija \u0161to nam se na ovogodi\u0161njem obilje\u017eavanju Dana sje\u0107anja na Srebrenicu u Ujedinjenom Kraljevstvu pridru\u017eio i predsjedavaju\u0107i Predsjedni\u0161tva Bosne i Hercegovine, predsjednik Denis Be\u0107irovi\u0107. Zahvalan sam novoizabranoj laburisti\u010dkoj vladi \u0161to je podr\u017eala ovu va\u017enu priliku. Ovogodi\u0161nja tema Dana sje\u0107anja na Srebrenicu u Ujedinjenom Kraljevstvu, \\'Ja sam zato \u0161to si ti\\&#8217;, slu\u017ei kao podsjetnik da su zajedni\u010dke veze koje imamo kao ljudska bi\u0107a daleko va\u017enije od onoga \u0161to nas dijeli. Nikada nam nije bilo va\u017enije da u\u010dimo od Srebrenice. Ne samo da moramo u\u010diti, ve\u0107 moramo i djelovati kako bismo uklonili korijene negiranja genocida u Srebrenici, mr\u017enje i straha: okupljanjem zajednica, omogu\u0107avanjem otvorenog i po\u0161tenog dijaloga i transformacijom na\u0161eg narativa iz pri\u010de o podjelama u naraciju jedinstva.\u201d<\/p>\n<p><a class=\"dt-pswp-item\" href=https:\/\/bosniauknetwork.org\/wp-content\/uploads\/2024\/07\/FullSizeRender.jpeg\" data-dt-img-description=\"\" data-large_image_width=\"4032\" data-large_image_height=\"2268\"><img loading=\"lazy\" class=\"alignnone size-full wp-image-9363\" src=https:\/\/bosniauknetwork.org\/wp-content\/uploads\/2024\/07\/FullSizeRender.jpeg\" alt=\"\" width=\"4032\" height=\"2268\" \/><\/a>Muzi\u010dke nastupe odr\u017eali su Elvir Solak i Lejla Jusi\u0107. Sara Huki\u0107, pre\u017eivjela, podijelila je svoju pri\u010du. Ovom prilikom, Rt Hon Baroness Warsi, biv\u0161i vi\u0161i dr\u017eavni ministar vanjskih i Commonwealth poslova; Sir Matthew Rycroft CBE, stalni podsekretar, Ministarstvo unutra\u0161njih poslova; Peter Osborne, predsjednik Odbora Sjeverne Irske za sje\u0107anje na Srebrenicu; i drugi lideri odali su po\u010dast vi\u0161e od 8.000 muslimana koji su stradali u Srebrenici.<\/p>\n<p><a class=\"dt-pswp-item\" href=https:\/\/bosniauknetwork.org\/wp-content\/uploads\/2024\/07\/IMG_8815.jpeg\" data-dt-img-description=\"\" data-large_image_width=\"2048\" data-large_image_height=\"1536\"><img loading=\"lazy\" class=\"alignnone size-full wp-image-9371\" src=https:\/\/bosniauknetwork.org\/wp-content\/uploads\/2024\/07\/IMG_8815.jpeg\" alt=\"\" width=\"2048\" height=\"1536\" \/><\/a>Na kraju ceremonije, imena \u017ertava pokopanih 11. jula 2024. godine na bini je pro\u010ditao Sedin Sahman, glavni imam Zajednice bo\u0161njaka u Velikoj Britaniji. Posebnu molitvu za \u0161ehide klanjala su i bosanska djeca Amar Zuli\u0107 i Ajla Vukali\u0107.<\/p>\n<p>BH UK Network<span class=\"Apple-converted-space\">\u00a0<\/span><\/p>\n<p><a class=\"dt-pswp-item\" href=https:\/\/bosniauknetwork.org\/wp-content\/uploads\/2024\/07\/IMG_8757-e1721400398365.jpg\" data-dt-img-description=\"\" data-large_image_width=\"2000\" data-large_image_height=\"1125\"><img loading=\"lazy\" class=\"alignnone size-full wp-image-9378\" src=https:\/\/bosniauknetwork.org\/wp-content\/uploads\/2024\/07\/IMG_8757-e1721400398365.jpg\" alt=\"\" width=\"2000\" height=\"1125\" \/><\/a><\/p>\n<p><a class=\"dt-pswp-item\" href=https:\/\/bosniauknetwork.org\/wp-content\/uploads\/2024\/07\/IMG_8819.jpg\" data-dt-img-description=\"\" data-large_image_width=\"2048\" data-large_image_height=\"1536\"><img loading=\"lazy\" class=\"alignnone size-full wp-image-9383\" src=https:\/\/bosniauknetwork.org\/wp-content\/uploads\/2024\/07\/IMG_8819.jpg\" alt=\"\" width=\"2048\" height=\"1536\" \/><\/a><\/p>\n<p><a class=\"dt-pswp-item\" href=https:\/\/bosniauknetwork.org\/wp-content\/uploads\/2024\/07\/IMG_8801.jpg\" data-dt-img-description=\"\" data-large_image_width=\"4032\" data-large_image_height=\"2268\"><img loading=\"lazy\" class=\"alignnone size-full wp-image-9384\" src=https:\/\/bosniauknetwork.org\/wp-content\/uploads\/2024\/07\/IMG_8801.jpg\" alt=\"\" width=\"4032\" height=\"2268\" \/><\/a><\/p>\n<p>&nbsp;<\/p>\n","protected":false},"excerpt":{"rendered":"<p>Pre\u017eivjeli genocid, diplomate i lideri zajednica okupili su se na nacionalnom obilje\u017eavanju 29. godi\u0161njicu genocida u Srebrenici. Komemoracija je od\u017eana u Locarno apartmanu u Uredu za vanjske poslove, Commonwealth i [&hellip;]<\/p>\n","protected":false},"author":1,"featured_media":13498,"comment_status":"closed","ping_status":"closed","sticky":false,"template":"","format":"standard","meta":{"site-sidebar-layout":"default","site-content-layout":"","ast-site-content-layout":"default","site-content-style":"default","site-sidebar-style":"default","ast-global-header-display":"","ast-banner-title-visibility":"","ast-main-header-display":"","ast-hfb-above-header-display":"","ast-hfb-below-header-display":"","ast-hfb-mobile-header-display":"","site-post-title":"","ast-breadcrumbs-content":"","ast-featured-img":"","footer-sml-layout":"","ast-disable-related-posts":"","theme-transparent-header-meta":"","adv-header-id-meta":"","stick-header-meta":"","header-above-stick-meta":"","header-main-stick-meta":"","header-below-stick-meta":"","astra-migrate-meta-layouts":"default","ast-page-background-enabled":"default","ast-page-background-meta":{"desktop":{"background-color":"","background-image":"","background-repeat":"repeat","background-position":"center center","background-size":"auto","background-attachment":"scroll","background-type":"","background-media":"","overlay-type":"","overlay-color":"","overlay-opacity":"","overlay-gradient":""},"tablet":{"background-color":"","background-image":"","background-repeat":"repeat","background-position":"center center","background-size":"auto","background-attachment":"scroll","background-type":"","background-media":"","overlay-type":"","overlay-color":"","overlay-opacity":"","overlay-gradient":""},"mobile":{"background-color":"","background-image":"","background-repeat":"repeat","background-position":"center center","background-size":"auto","background-attachment":"scroll","background-type":"","background-media":"","overlay-type":"","overlay-color":"","overlay-opacity":"","overlay-gradient":""}},"ast-content-background-meta":{"desktop":{"background-color":"var(--ast-global-color-5)","background-image":"","background-repeat":"repeat","background-position":"center center","background-size":"auto","background-attachment":"scroll","background-type":"","background-media":"","overlay-type":"","overlay-color":"","overlay-opacity":"","overlay-gradient":""},"tablet":{"background-color":"var(--ast-global-color-5)","background-image":"","background-repeat":"repeat","background-position":"center center","background-size":"auto","background-attachment":"scroll","background-type":"","background-media":"","overlay-type":"","overlay-color":"","overlay-opacity":"","overlay-gradient":""},"mobile":{"background-color":"var(--ast-global-color-5)","background-image":"","background-repeat":"repeat","background-position":"center center","background-size":"auto","background-attachment":"scroll","background-type":"","background-media":"","overlay-type":"","overlay-color":"","overlay-opacity":"","overlay-gradient":""}},"_themeisle_gutenberg_block_has_review":false,"footnotes":""},"categories":[1],"tags":[],"class_list":["post-9372","post","type-post","status-publish","format-standard","has-post-thumbnail","hentry","category-uncategorized-bs"],"_links":{"self":[{"href":"https:\/\/bosniauknetwork.org\/bs\/wp-json\/wp\/v2\/posts\/9372","targetHints":{"allow":["GET"]}}],"collection":[{"href":"https:\/\/bosniauknetwork.org\/bs\/wp-json\/wp\/v2\/posts"}],"about":[{"href":"https:\/\/bosniauknetwork.org\/bs\/wp-json\/wp\/v2\/types\/post"}],"author":[{"embeddable":true,"href":"https:\/\/bosniauknetwork.org\/bs\/wp-json\/wp\/v2\/users\/1"}],"replies":[{"embeddable":true,"href":"https:\/\/bosniauknetwork.org\/bs\/wp-json\/wp\/v2\/comments?post=9372"}],"version-history":[{"count":0,"href":"https:\/\/bosniauknetwork.org\/bs\/wp-json\/wp\/v2\/posts\/9372\/revisions"}],"wp:featuredmedia":[{"embeddable":true,"href":"https:\/\/bosniauknetwork.org\/bs\/wp-json\/wp\/v2\/media\/13498"}],"wp:attachment":[{"href":"https:\/\/bosniauknetwork.org\/bs\/wp-json\/wp\/v2\/media?parent=9372"}],"wp:term":[{"taxonomy":"category","embeddable":true,"href":"https:\/\/bosniauknetwork.org\/bs\/wp-json\/wp\/v2\/categories?post=9372"},{"taxonomy":"post_tag","embeddable":true,"href":"https:\/\/bosniauknetwork.org\/bs\/wp-json\/wp\/v2\/tags?post=9372"}],"curies":[{"name":"wp","href":"https:\/\/api.w.org\/{rel}","templated":true}]}}