{"id":9386,"date":"2024-07-15T09:25:44","date_gmt":"2024-07-15T09:25:44","guid":{"rendered":"https:\/\/bosniauknetwork.org\/serif-west-midlandsa-douglas-wright-mbe-dl-na-komemoraciji-genocida-u-srebrenici\/"},"modified":"2024-07-15T09:25:44","modified_gmt":"2024-07-15T09:25:44","slug":"serif-west-midlandsa-douglas-wright-mbe-dl-na-komemoraciji-genocida-u-srebrenici","status":"publish","type":"post","link":"https:\/\/bosniauknetwork.org\/bs\/serif-west-midlandsa-douglas-wright-mbe-dl-na-komemoraciji-genocida-u-srebrenici\/","title":{"rendered":"\u0160erif West Midlandsa C na komemoraciji genocida u Srebrenici"},"content":{"rendered":"<p>Imao sam \u010dast prisustvovati Danu sje\u0107anja na Srebrenicu West Midlandsa kao visoki \u0161erif West Midlandsa. Bila je to 29. komemoracija genocida u Srebrenici i slu\u017eila je kao dirljiva po\u010dast \u017ertvama i pre\u017eivjelima u Srebrenici. Doma\u0107in je bilo Gradsko vije\u0107e Birminghama, a prisustvovali su mnogi razli\u010diti regionalni lideri i stanovnici grada i \u0161ire regije. Bilo je nekoliko govornika, uklju\u010duju\u0107i odli\u010dan uvodni govor lorda gradona\u010delnika Birmingema Kena Wooda. Doga\u0111aj je uklju\u010divao i vrlo poseban memorijalni umjetni\u010dki nastup Melek Ali Oglour, a prelijepu muziku izveli su sopran i gitarista, koji su do\u0161li iz Sarajeva da bi bili na ovom doga\u0111aju u Birminghamu.<\/p>\n<p><a class=\"dt-pswp-item\" href=https:\/\/bosniauknetwork.org\/wp-content\/uploads\/2024\/07\/IMG_0653.jpeg\" data-dt-img-description=\"\" data-large_image_width=\"768\" data-large_image_height=\"1024\"><img fetchpriority=\"high\" class=\"alignnone size-full wp-image-9388\" src=https:\/\/bosniauknetwork.org\/wp-content\/uploads\/2024\/07\/IMG_0653.jpeg\" alt=\"\" width=\"768\" height=\"1024\" \/><\/a><br \/>\nBio je to veoma mo\u0107an doga\u0111aj, a tema 2024. je bila \u201eJa sam zato \u0161to si ti\u201c koja govori o na\u0161oj povezanosti i ono \u0161to nas spaja je na\u0161a zajedni\u010dka humanost. Vrhunac doga\u0111aja bilo je saslu\u0161anje jedne vrlo posebne dame Ernese Ibi\u0161evi\u0107-Hajdarevi\u0107 koja je pre\u017eivjela genocid. Podijeliv\u0161i u\u017easan utjecaj na svoju porodicu, pokazala je nevjerovatnu hrabrost govore\u0107i svima nama. Doga\u0111aj je zavr\u0161en potpisivanjem komemorativne izjave \\'Ja sam zato \u0161to si\\&#8217; koju je potpisalo Vije\u0107e vjera Birminghama. Bilo je divno vidjeti kako se Birmingham okuplja kako bi osigurali da se ovaj genocid nikada ne zaboravi i nigdje ne ponovi.<\/p>\n<h1 class=\"m-0\"><span style=\"font-size: 10pt;\">Douglas Wright MBE DL<\/span><\/h1>\n","protected":false},"excerpt":{"rendered":"<p>Imao sam \u010dast prisustvovati Danu sje\u0107anja na Srebrenicu West Midlandsa kao visoki \u0161erif West Midlandsa. Bila je to 29. komemoracija genocida u Srebrenici i slu\u017eila je kao dirljiva po\u010dast \u017ertvama [&hellip;]<\/p>\n","protected":false},"author":1,"featured_media":13506,"comment_status":"closed","ping_status":"closed","sticky":false,"template":"","format":"standard","meta":{"site-sidebar-layout":"default","site-content-layout":"","ast-site-content-layout":"default","site-content-style":"default","site-sidebar-style":"default","ast-global-header-display":"","ast-banner-title-visibility":"","ast-main-header-display":"","ast-hfb-above-header-display":"","ast-hfb-below-header-display":"","ast-hfb-mobile-header-display":"","site-post-title":"","ast-breadcrumbs-content":"","ast-featured-img":"","footer-sml-layout":"","ast-disable-related-posts":"","theme-transparent-header-meta":"","adv-header-id-meta":"","stick-header-meta":"","header-above-stick-meta":"","header-main-stick-meta":"","header-below-stick-meta":"","astra-migrate-meta-layouts":"default","ast-page-background-enabled":"default","ast-page-background-meta":{"desktop":{"background-color":"","background-image":"","background-repeat":"repeat","background-position":"center center","background-size":"auto","background-attachment":"scroll","background-type":"","background-media":"","overlay-type":"","overlay-color":"","overlay-opacity":"","overlay-gradient":""},"tablet":{"background-color":"","background-image":"","background-repeat":"repeat","background-position":"center center","background-size":"auto","background-attachment":"scroll","background-type":"","background-media":"","overlay-type":"","overlay-color":"","overlay-opacity":"","overlay-gradient":""},"mobile":{"background-color":"","background-image":"","background-repeat":"repeat","background-position":"center center","background-size":"auto","background-attachment":"scroll","background-type":"","background-media":"","overlay-type":"","overlay-color":"","overlay-opacity":"","overlay-gradient":""}},"ast-content-background-meta":{"desktop":{"background-color":"var(--ast-global-color-5)","background-image":"","background-repeat":"repeat","background-position":"center center","background-size":"auto","background-attachment":"scroll","background-type":"","background-media":"","overlay-type":"","overlay-color":"","overlay-opacity":"","overlay-gradient":""},"tablet":{"background-color":"var(--ast-global-color-5)","background-image":"","background-repeat":"repeat","background-position":"center center","background-size":"auto","background-attachment":"scroll","background-type":"","background-media":"","overlay-type":"","overlay-color":"","overlay-opacity":"","overlay-gradient":""},"mobile":{"background-color":"var(--ast-global-color-5)","background-image":"","background-repeat":"repeat","background-position":"center center","background-size":"auto","background-attachment":"scroll","background-type":"","background-media":"","overlay-type":"","overlay-color":"","overlay-opacity":"","overlay-gradient":""}},"_themeisle_gutenberg_block_has_review":false,"footnotes":""},"categories":[1],"tags":[],"class_list":["post-9386","post","type-post","status-publish","format-standard","has-post-thumbnail","hentry","category-uncategorized-bs"],"_links":{"self":[{"href":"https:\/\/bosniauknetwork.org\/bs\/wp-json\/wp\/v2\/posts\/9386","targetHints":{"allow":["GET"]}}],"collection":[{"href":"https:\/\/bosniauknetwork.org\/bs\/wp-json\/wp\/v2\/posts"}],"about":[{"href":"https:\/\/bosniauknetwork.org\/bs\/wp-json\/wp\/v2\/types\/post"}],"author":[{"embeddable":true,"href":"https:\/\/bosniauknetwork.org\/bs\/wp-json\/wp\/v2\/users\/1"}],"replies":[{"embeddable":true,"href":"https:\/\/bosniauknetwork.org\/bs\/wp-json\/wp\/v2\/comments?post=9386"}],"version-history":[{"count":0,"href":"https:\/\/bosniauknetwork.org\/bs\/wp-json\/wp\/v2\/posts\/9386\/revisions"}],"wp:featuredmedia":[{"embeddable":true,"href":"https:\/\/bosniauknetwork.org\/bs\/wp-json\/wp\/v2\/media\/13506"}],"wp:attachment":[{"href":"https:\/\/bosniauknetwork.org\/bs\/wp-json\/wp\/v2\/media?parent=9386"}],"wp:term":[{"taxonomy":"category","embeddable":true,"href":"https:\/\/bosniauknetwork.org\/bs\/wp-json\/wp\/v2\/categories?post=9386"},{"taxonomy":"post_tag","embeddable":true,"href":"https:\/\/bosniauknetwork.org\/bs\/wp-json\/wp\/v2\/tags?post=9386"}],"curies":[{"name":"wp","href":"https:\/\/api.w.org\/{rel}","templated":true}]}}