{"id":9393,"date":"2024-11-30T16:25:11","date_gmt":"2024-11-30T16:25:11","guid":{"rendered":"https:\/\/bosniauknetwork.org\/bosanska-kuca-u-birminghamuizaslanik-kralja-charlesa-iii-prisustvovao-proslavi-dana-drzavnosti-bih\/"},"modified":"2024-11-30T16:25:11","modified_gmt":"2024-11-30T16:25:11","slug":"bosanska-kuca-u-birminghamuizaslanik-kralja-charlesa-iii-prisustvovao-proslavi-dana-drzavnosti-bih","status":"publish","type":"post","link":"https:\/\/bosniauknetwork.org\/bs\/bosanska-kuca-u-birminghamuizaslanik-kralja-charlesa-iii-prisustvovao-proslavi-dana-drzavnosti-bih\/","title":{"rendered":"Bosanska ku\u0107a u Birminghamu:Izaslanik kralja Charlesa III prisustvovao proslavi Dana dr\u017eavnosti BiH"},"content":{"rendered":"<p><strong>Preko tristo Bosanaca i Hercegovaca te gostiju se okupilo u Bosanskoj ku\u0107i (Birmingham, Velika Britanija) u dva navrata, prvo u \u010detvrtak 21. novembra, a zatim i dva dana kasnije, u subotu 23. novembra, kako bi zajedno proslavili Dan dr\u017eavnosti Bosne i Hercegovine.<\/strong><\/p>\n<p><a class=\"dt-pswp-item\" href=https:\/\/bosniauknetwork.org\/wp-content\/uploads\/2024\/11\/Vi\u0161e-od-300-gostiju-na-proslavi-Dana-dr\u017eavnosti-u-Bosanskoj-ku\u0107i-u-Birminghamu.jpg\" data-dt-img-description=\"\" data-large_image_width=\"2048\" data-large_image_height=\"1365\"><img fetchpriority=\"high\" class=\"alignnone size-full wp-image-9394\" src=https:\/\/bosniauknetwork.org\/wp-content\/uploads\/2024\/11\/Vi\u0161e-od-300-gostiju-na-proslavi-Dana-dr\u017eavnosti-u-Bosanskoj-ku\u0107i-u-Birminghamu.jpg\" alt=\"\" width=\"2048\" height=\"1365\" \/><\/a>Sve\u010danost je u oba navrata trajala uz dvosatni program, intoniranje himni BiH i Ujedinjenog Kraljevstva, muzi\u010dke dionice <strong>Elvira Solaka<\/strong> na gitari i operske pjeva\u010dice Narodnog pozori\u0161ta u Sarajevu <strong>Lejle Jusi\u0107<\/strong>, zatim nastupe djece iz bh. <strong>\u0161kola u Hertfordshireu i Birminghamu<\/strong>, te <strong>KUD &#8220;Fahira Hased\u017ei\u0107&#8221;<\/strong>. Sevdalinku je zapjevala penzionisana u\u010diteljica \u0161kole u Birminghamu, <strong>Azre Ba\u0161i\u0107<\/strong>, a nastupio je i <strong>Iulii Marcu<\/strong>, u\u010denik ukrajinske \u0161kolen \u010dija se nastava odr\u017eava upravo u Bosanskoj ku\u0107i i <strong>Aurora Rayes<\/strong>, umjetnica iz Italije.<\/p>\n<p><a class=\"dt-pswp-item\" href=https:\/\/bosniauknetwork.org\/wp-content\/uploads\/2024\/11\/467611226_909588111270590_6325271006854690194_n.jpg\" data-dt-img-description=\"\" data-large_image_width=\"2048\" data-large_image_height=\"1365\"><img class=\"alignnone size-full wp-image-9398\" src=https:\/\/bosniauknetwork.org\/wp-content\/uploads\/2024\/11\/467611226_909588111270590_6325271006854690194_n.jpg\" alt=\"\" width=\"2048\" height=\"1365\" \/><\/a>Sve\u010danost je u organizaciji BH UK Network odr\u017eana uz brojne zvanice me\u0111u kojima su bili ambasador BiH u Velikoj Britaniji, njegova ekselencija <strong>Osman Top\u010dagi\u0107<\/strong>, izaslanik kralja Charlesa III za regiju Zapadni Midlands, <strong>Lord &#8211; poru\u010dnik Derrick Anderson<\/strong>, vi\u0161e od 20 vije\u0107nika gradskih vije\u0107a Birminghama i Coventryja, uklju\u010duju\u0107i gradona\u010delnika Birminghama <strong>Lorda Kena Wooda<\/strong> i zamjenika gradona\u010delnika Koventrija<strong> Rachel Lancaster<\/strong>.<\/p>\n<p><a class=\"dt-pswp-item\" href=https:\/\/bosniauknetwork.org\/wp-content\/uploads\/2024\/11\/Lord-poru\u010dnik-Derrick-Anderson-gradonacelnik-Birminghama-Ken-Wood-dr-Anes-Ceric.jpg\" data-dt-img-description=\"\" data-large_image_width=\"1484\" data-large_image_height=\"893\"><img class=\"alignnone size-full wp-image-9399\" src=https:\/\/bosniauknetwork.org\/wp-content\/uploads\/2024\/11\/Lord-poru\u010dnik-Derrick-Anderson-gradonacelnik-Birminghama-Ken-Wood-dr-Anes-Ceric.jpg\" alt=\"\" width=\"1484\" height=\"893\" \/><\/a>U birminghamskom naselju Sparkhill su se dalje na\u0161li i <strong>Jasmina Sarajli\u0107<\/strong> (ambasada BiH u Velikoj Britaniji),<strong> Dr Waqar Azmi OBE<\/strong>, predsjednik organizacije \u201eRemembering Srebrenica\u201c (Sje\u0107anje na Srebrenicu) i patron BH UK Network, <strong>Hajrudin Isovi\u0107<\/strong>, predsjednik RVI Dijaspore, <strong>Hamdija Draganovi\u0107<\/strong>, predsjednik Platform BiH (krovna organizacija bh. udru\u017eenja u Holandiji),<\/p>\n<p><strong><a class=\"dt-pswp-item\" href=https:\/\/bosniauknetwork.org\/wp-content\/uploads\/2024\/11\/Ambasador-Osman-Topcagi\u0107.jpg\" data-dt-img-description=\"\" data-large_image_width=\"2048\" data-large_image_height=\"1365\"><img loading=\"lazy\" class=\"alignnone size-full wp-image-9400\" src=https:\/\/bosniauknetwork.org\/wp-content\/uploads\/2024\/11\/Ambasador-Osman-Topcagi\u0107.jpg\" alt=\"\" width=\"2048\" height=\"1365\" \/><\/a>Aida Oluji\u0107<\/strong> i <strong>\u017deljko Javor<\/strong> (Platform BiH &#8211; Holandija), <strong>Amir Grabi\u0107<\/strong>, predsjednik bh. omladine u Holandiji, <strong>Enisa Bukvi\u0107<\/strong> (Italija), bh. knji\u017eevnica i predsjedavaju\u0107a udru\u017eenja \u201e\u017dena sa knjigom\u201c, <strong>Naida Ribi\u0107<\/strong>, glavna urednica Radio BH Dijaspore sa sjedi\u0161tem u Holandiji, <strong>Dr Kim Sadique<\/strong>, predsjedavaju\u0107a \u201eRemembering Srebrenica\u201c odbora za regiju Isto\u010dni Midlands i predsjedavaju\u0107a akademskog odbora BH UK Networka, <strong>Zaim Pa\u0161i\u0107<\/strong>, predsjednik BH UK Networka, <strong>Sabit Jakupovi\u0107<\/strong>, dobitnik najvi\u0161eg odlikovanja (MBE) Britanske monarhije, profesorica Irina Lindley itd.<\/p>\n<p><a class=\"dt-pswp-item\" href=https:\/\/bosniauknetwork.org\/wp-content\/uploads\/2024\/11\/Skola-Birmingham-.jpg\" data-dt-img-description=\"\" data-large_image_width=\"2048\" data-large_image_height=\"1365\"><img loading=\"lazy\" class=\"alignnone size-full wp-image-9401\" src=https:\/\/bosniauknetwork.org\/wp-content\/uploads\/2024\/11\/Skola-Birmingham-.jpg\" alt=\"\" width=\"2048\" height=\"1365\" \/><\/a>\u010clan predsjedni\u0161tva BiH,<strong> dr. Denis Be\u0107irovi\u0107<\/strong>, se prisutnima povodom praznika obratio putem video poruke.<\/p>\n<p>Organizatori iz BH UK Network u Birminghamu su se potrudili uz sve\u010danost osigurati i bogatu zakusku za sve prisutne.<\/p>\n<blockquote><p><a class=\"dt-pswp-item\" href=https:\/\/bosniauknetwork.org\/wp-content\/uploads\/2024\/11\/Skola-Hertfordshire.jpg\" data-dt-img-description=\"\" data-large_image_width=\"2048\" data-large_image_height=\"1152\"><img loading=\"lazy\" class=\"alignnone size-full wp-image-9402\" src=https:\/\/bosniauknetwork.org\/wp-content\/uploads\/2024\/11\/Skola-Hertfordshire.jpg\" alt=\"\" width=\"2048\" height=\"1152\" \/><\/a>&#8211; Ula\u017eemo sve napore da na\u0161 novi centar postane najbolje mjesto za sve one kojima je potrebna podr\u0161ka. Nastojimo da budemo uzor drugim zajednicama i spremni smo da u\u010dimo najbolje prakse od drugih. Postigli smo mnogo i osje\u0107amo da mo\u017eemo jo\u0161 vi\u0161e uz pomo\u0107 na\u0161ih prijatelja i partnera. Svim na\u0161im zemljacima \u0161irom svijeta i prijateljima na\u0161e domovine \u010destitamo Dan dr\u017eavnosti jedne nam jedine Bosne i Hercegovine \u2013 poru\u010dio je<strong> Dr Anes Ceri\u0107<\/strong>, direktor BH UK Networka.<\/p><\/blockquote>\n<p><a class=\"dt-pswp-item\" href=https:\/\/bosniauknetwork.org\/wp-content\/uploads\/2024\/11\/Lejla-Jusic-i-Elvir-Solak-.jpg\" data-dt-img-description=\"\" data-large_image_width=\"2048\" data-large_image_height=\"1365\"><img loading=\"lazy\" class=\"alignnone size-full wp-image-9403\" src=https:\/\/bosniauknetwork.org\/wp-content\/uploads\/2024\/11\/Lejla-Jusic-i-Elvir-Solak-.jpg\" alt=\"\" width=\"2048\" height=\"1365\" \/><\/a>Dan dr\u017eavnosti Bosne i Hercegovine se obilje\u017eava 25. novembra, a na taj dan 1943. godine, na prvom zasjedanju Zemaljskog antifa\u0161isti\u010dkog vije\u0107a narodnog oslobo\u0111enja Bosne i Hercegovine (ZAVNOBIH-a) u Mrkonji\u0107 Gradu je usvojena Rezolucija ZAVNOBiH-a, u kojoj je izra\u017eena odlu\u010dnost naroda BiH da njihova zemlja bude zajednica u kojoj \u0107e biti osigurana ravnopravnost svih unutar budu\u0107e SFRJ, a sa historijskim granicama koje su datirale jo\u0161 iz vremena srednjovjekovne Bosne.<\/p>\n<p>BH UK Network<\/p>\n<p><a class=\"dt-pswp-item\" href=https:\/\/bosniauknetwork.org\/wp-content\/uploads\/2024\/11\/468401723_909655361263865_9127069213731338457_n.jpg\" data-dt-img-description=\"\" data-large_image_width=\"2048\" data-large_image_height=\"1935\"><img loading=\"lazy\" class=\"alignnone size-full wp-image-9406\" src=https:\/\/bosniauknetwork.org\/wp-content\/uploads\/2024\/11\/468401723_909655361263865_9127069213731338457_n.jpg\" alt=\"\" width=\"2048\" height=\"1935\" \/><\/a><\/p>\n<p><a class=\"dt-pswp-item\" href=https:\/\/bosniauknetwork.org\/wp-content\/uploads\/2024\/11\/468207640_909666537929414_845226975282843036_n.jpg\" data-dt-img-description=\"\" data-large_image_width=\"900\" data-large_image_height=\"1600\"><img loading=\"lazy\" class=\"alignnone wp-image-9409\" src=https:\/\/bosniauknetwork.org\/wp-content\/uploads\/2024\/11\/468207640_909666537929414_845226975282843036_n.jpg\" alt=\"\" width=\"1192\" height=\"2119\" \/><\/a><a class=\"dt-pswp-item\" href=https:\/\/bosniauknetwork.org\/wp-content\/uploads\/2024\/11\/Manifestacija-odr\u017eana-u-sve\u010danoj-sali-Bosanske-ku\u0107e-.jpg\" data-dt-img-description=\"\" data-large_image_width=\"1600\" data-large_image_height=\"1200\"><img loading=\"lazy\" class=\"alignnone size-full wp-image-9404\" src=https:\/\/bosniauknetwork.org\/wp-content\/uploads\/2024\/11\/Manifestacija-odr\u017eana-u-sve\u010danoj-sali-Bosanske-ku\u0107e-.jpg\" alt=\"\" width=\"1600\" height=\"1200\" \/><\/a><\/p>\n<p>&nbsp;<\/p>\n<p><a class=\"dt-pswp-item\" href=https:\/\/bosniauknetwork.org\/wp-content\/uploads\/2024\/11\/468217508_909656571263744_54211162561118887_n.jpg\" data-dt-img-description=\"\" data-large_image_width=\"2048\" data-large_image_height=\"1365\"><img loading=\"lazy\" class=\"alignnone size-full wp-image-9405\" src=https:\/\/bosniauknetwork.org\/wp-content\/uploads\/2024\/11\/468217508_909656571263744_54211162561118887_n.jpg\" alt=\"\" width=\"2048\" height=\"1365\" \/><\/a><\/p>\n<p>&nbsp;<\/p>\n<p><a class=\"dt-pswp-item\" href=https:\/\/bosniauknetwork.org\/wp-content\/uploads\/2024\/11\/468284587_909657317930336_852436155851522898_n.jpg\" data-dt-img-description=\"\" data-large_image_width=\"2048\" data-large_image_height=\"1365\"><img loading=\"lazy\" class=\"alignnone size-full wp-image-9407\" src=https:\/\/bosniauknetwork.org\/wp-content\/uploads\/2024\/11\/468284587_909657317930336_852436155851522898_n.jpg\" alt=\"\" width=\"2048\" height=\"1365\" \/><\/a><\/p>\n<p><a class=\"dt-pswp-item\" href=https:\/\/bosniauknetwork.org\/wp-content\/uploads\/2024\/11\/468095058_909655474597187_5404351354462518244_n.jpg\" data-dt-img-description=\"\" data-large_image_width=\"2048\" data-large_image_height=\"1784\"><img loading=\"lazy\" class=\"alignnone size-full wp-image-9408\" src=https:\/\/bosniauknetwork.org\/wp-content\/uploads\/2024\/11\/468095058_909655474597187_5404351354462518244_n.jpg\" alt=\"\" width=\"2048\" height=\"1784\" \/><\/a><\/p>\n","protected":false},"excerpt":{"rendered":"<p>Preko tristo Bosanaca i Hercegovaca te gostiju se okupilo u Bosanskoj ku\u0107i (Birmingham, Velika Britanija) u dva navrata, prvo u \u010detvrtak 21. novembra, a zatim i dva dana kasnije, u [&hellip;]<\/p>\n","protected":false},"author":1,"featured_media":13527,"comment_status":"closed","ping_status":"closed","sticky":false,"template":"","format":"standard","meta":{"site-sidebar-layout":"default","site-content-layout":"","ast-site-content-layout":"default","site-content-style":"default","site-sidebar-style":"default","ast-global-header-display":"","ast-banner-title-visibility":"","ast-main-header-display":"","ast-hfb-above-header-display":"","ast-hfb-below-header-display":"","ast-hfb-mobile-header-display":"","site-post-title":"","ast-breadcrumbs-content":"","ast-featured-img":"","footer-sml-layout":"","ast-disable-related-posts":"","theme-transparent-header-meta":"","adv-header-id-meta":"","stick-header-meta":"","header-above-stick-meta":"","header-main-stick-meta":"","header-below-stick-meta":"","astra-migrate-meta-layouts":"default","ast-page-background-enabled":"default","ast-page-background-meta":{"desktop":{"background-color":"","background-image":"","background-repeat":"repeat","background-position":"center center","background-size":"auto","background-attachment":"scroll","background-type":"","background-media":"","overlay-type":"","overlay-color":"","overlay-opacity":"","overlay-gradient":""},"tablet":{"background-color":"","background-image":"","background-repeat":"repeat","background-position":"center center","background-size":"auto","background-attachment":"scroll","background-type":"","background-media":"","overlay-type":"","overlay-color":"","overlay-opacity":"","overlay-gradient":""},"mobile":{"background-color":"","background-image":"","background-repeat":"repeat","background-position":"center center","background-size":"auto","background-attachment":"scroll","background-type":"","background-media":"","overlay-type":"","overlay-color":"","overlay-opacity":"","overlay-gradient":""}},"ast-content-background-meta":{"desktop":{"background-color":"var(--ast-global-color-5)","background-image":"","background-repeat":"repeat","background-position":"center center","background-size":"auto","background-attachment":"scroll","background-type":"","background-media":"","overlay-type":"","overlay-color":"","overlay-opacity":"","overlay-gradient":""},"tablet":{"background-color":"var(--ast-global-color-5)","background-image":"","background-repeat":"repeat","background-position":"center center","background-size":"auto","background-attachment":"scroll","background-type":"","background-media":"","overlay-type":"","overlay-color":"","overlay-opacity":"","overlay-gradient":""},"mobile":{"background-color":"var(--ast-global-color-5)","background-image":"","background-repeat":"repeat","background-position":"center center","background-size":"auto","background-attachment":"scroll","background-type":"","background-media":"","overlay-type":"","overlay-color":"","overlay-opacity":"","overlay-gradient":""}},"_themeisle_gutenberg_block_has_review":false,"footnotes":""},"categories":[1],"tags":[],"class_list":["post-9393","post","type-post","status-publish","format-standard","has-post-thumbnail","hentry","category-uncategorized-bs"],"_links":{"self":[{"href":"https:\/\/bosniauknetwork.org\/bs\/wp-json\/wp\/v2\/posts\/9393","targetHints":{"allow":["GET"]}}],"collection":[{"href":"https:\/\/bosniauknetwork.org\/bs\/wp-json\/wp\/v2\/posts"}],"about":[{"href":"https:\/\/bosniauknetwork.org\/bs\/wp-json\/wp\/v2\/types\/post"}],"author":[{"embeddable":true,"href":"https:\/\/bosniauknetwork.org\/bs\/wp-json\/wp\/v2\/users\/1"}],"replies":[{"embeddable":true,"href":"https:\/\/bosniauknetwork.org\/bs\/wp-json\/wp\/v2\/comments?post=9393"}],"version-history":[{"count":0,"href":"https:\/\/bosniauknetwork.org\/bs\/wp-json\/wp\/v2\/posts\/9393\/revisions"}],"wp:featuredmedia":[{"embeddable":true,"href":"https:\/\/bosniauknetwork.org\/bs\/wp-json\/wp\/v2\/media\/13527"}],"wp:attachment":[{"href":"https:\/\/bosniauknetwork.org\/bs\/wp-json\/wp\/v2\/media?parent=9393"}],"wp:term":[{"taxonomy":"category","embeddable":true,"href":"https:\/\/bosniauknetwork.org\/bs\/wp-json\/wp\/v2\/categories?post=9393"},{"taxonomy":"post_tag","embeddable":true,"href":"https:\/\/bosniauknetwork.org\/bs\/wp-json\/wp\/v2\/tags?post=9393"}],"curies":[{"name":"wp","href":"https:\/\/api.w.org\/{rel}","templated":true}]}}