{"id":9487,"date":"2024-11-27T02:11:04","date_gmt":"2024-11-27T02:11:04","guid":{"rendered":"https:\/\/bosniauknetwork.org\/velika-britanija-razmjena-iskustava-predstavnika-bh-dijaspore\/"},"modified":"2024-11-27T02:11:04","modified_gmt":"2024-11-27T02:11:04","slug":"velika-britanija-razmjena-iskustava-predstavnika-bh-dijaspore","status":"publish","type":"post","link":"https:\/\/bosniauknetwork.org\/bs\/velika-britanija-razmjena-iskustava-predstavnika-bh-dijaspore\/","title":{"rendered":"VELIKA BRITANIJA: RAZMJENA ISKUSTAVA PREDSTAVNIKA BH DIJASPORE"},"content":{"rendered":"<div class=\"xdj266r x11i5rnm xat24cr x1mh8g0r x1vvkbs x126k92a\">\n<div dir=\"auto\">U okviru obilje\u017eavanja Dana dr\u017eavnosti BiH u Velikoj Britaniji, imali smo \u010dast da ugostimo aktiviste BH dijaspore iz Holandije, Njema\u010dke, Italije, predstavnike udru\u017eenja &#8220;\u017dena sa Knjigom&#8221;, Savez RVI u dijaspori sa sjedi\u0161tem u Minhenu i Radio BH dijaspore.<\/div>\n<\/div>\n<div class=\"x11i5rnm xat24cr x1mh8g0r x1vvkbs xtlvy1s x126k92a\">\n<div dir=\"auto\"><a class=\"dt-pswp-item\" href=https:\/\/bosniauknetwork.org\/wp-content\/uploads\/2025\/01\/470230169_924329146463153_2658598907735791893_n.jpg\" data-dt-img-description=\"\" data-large_image_width=\"1280\" data-large_image_height=\"960\"><img fetchpriority=\"high\" class=\"alignnone size-full wp-image-9489\" src=https:\/\/bosniauknetwork.org\/wp-content\/uploads\/2025\/01\/470230169_924329146463153_2658598907735791893_n.jpg\" alt=\"\" width=\"1280\" height=\"960\" \/><\/a>Tokom boravka u duhu razmjene iskustava odr\u017eano je nekoliko okruglih stolova s razli\u010ditim temama a istim ciljem- kako unaprijediti na\u0161u me\u0111usobnu saradnju i jo\u0161 aktivnije pomo\u0107i <span class=\"html-span xexx8yu x4uap5 x18d9i69 xkhd6sd x1hl2dhg x16tdsg8 x1vvkbs x3nfvp2 x1j61x8r x1fcty0u xdj266r xat24cr xgzva0m xhhsvwb xxymvpz xlup9mm x1kky2od\"><img decoding=\"async\" class=\"xz74otr\" src=\"https:\/\/static.xx.fbcdn.net\/images\/emoji.php\/v9\/t48\/2\/16\/1f1e7_1f1e6.png\" alt=\"\ud83c\udde7\ud83c\udde6\" width=\"16\" height=\"16\" title=\"VELIKA BRITANIJA: RAZMJENA ISKUSTAVA PREDSTAVNIKA BH DIJASPORE\"><\/span>.<\/div>\n<\/div>\n<div class=\"x11i5rnm xat24cr x1mh8g0r x1vvkbs xtlvy1s x126k92a\">\n<div dir=\"auto\">Dragi prijatelji imali su mogu\u0107nost iz prve ruke upoznati se sa aktivnostima i dostignu\u0107ima BH UK Networka kao i nastanka i razvoja Svjetskog saveza dijaspore BiH; upoznati se i razgovarati sa Nj.E. Osmanom Top\u010dagi\u0107em, Ambasadorom <span class=\"html-span xexx8yu x4uap5 x18d9i69 xkhd6sd x1hl2dhg x16tdsg8 x1vvkbs x3nfvp2 x1j61x8r x1fcty0u xdj266r xat24cr xgzva0m xhhsvwb xxymvpz xlup9mm x1kky2od\"><img decoding=\"async\" class=\"xz74otr\" src=\"https:\/\/static.xx.fbcdn.net\/images\/emoji.php\/v9\/t48\/2\/16\/1f1e7_1f1e6.png\" alt=\"\ud83c\udde7\ud83c\udde6\" width=\"16\" height=\"16\" title=\"VELIKA BRITANIJA: RAZMJENA ISKUSTAVA PREDSTAVNIKA BH DIJASPORE\"><\/span> u <span class=\"html-span xexx8yu x4uap5 x18d9i69 xkhd6sd x1hl2dhg x16tdsg8 x1vvkbs x3nfvp2 x1j61x8r x1fcty0u xdj266r xat24cr xgzva0m xhhsvwb xxymvpz xlup9mm x1kky2od\"><img decoding=\"async\" class=\"xz74otr\" src=\"https:\/\/static.xx.fbcdn.net\/images\/emoji.php\/v9\/tf5\/2\/16\/1f1ec_1f1e7.png\" alt=\"\ud83c\uddec\ud83c\udde7\" width=\"16\" height=\"16\" title=\"VELIKA BRITANIJA: RAZMJENA ISKUSTAVA PREDSTAVNIKA BH DIJASPORE\"><\/span>; izaslanikom kralja \u010carlsa Ill za regiju West Midlands poru\u010dnikom Derrick Andersonom; predsjedavaju\u0107im organizacije &#8220;Remembering Srebrenica&#8221; i patronom BH UK Networka, dr Wagar Azmijem OBE; ministar savjernik u BiH Ambasadi u Londonu, g-\u0111a Jasmina Sarajli\u0107; savjetnikom predsjedavaju\u0107om Akademskog odbora BH UK Networka, dr Kim Sadique te drugom uva\u017eenim gostima i prijateljima na\u0161eg Saveza i domovine.<\/div>\n<\/div>\n<div class=\"x11i5rnm xat24cr x1mh8g0r x1vvkbs xtlvy1s x126k92a\">\n<div dir=\"auto\">Gosti iz dijaspore su tako\u0111er posjetili gradona\u010delnika Birminghama, Cllr Ken Wooda i tom prilikom upoznali se o izvanrednoj saradnji BH UK Networka sa lokalnim, regionalnim i nacionalnim nivoima vlasti.<\/div>\n<\/div>\n<div class=\"x11i5rnm xat24cr x1mh8g0r x1vvkbs xtlvy1s x126k92a\">\n<div dir=\"auto\"><a class=\"dt-pswp-item\" href=https:\/\/bosniauknetwork.org\/wp-content\/uploads\/2025\/01\/470651281_924329449796456_2941367002097374649_n.jpg\" data-dt-img-description=\"\" data-large_image_width=\"2048\" data-large_image_height=\"1152\"><img loading=\"lazy\" class=\"alignnone size-full wp-image-9490\" src=https:\/\/bosniauknetwork.org\/wp-content\/uploads\/2025\/01\/470651281_924329449796456_2941367002097374649_n.jpg\" alt=\"\" width=\"2048\" height=\"1152\" \/><\/a>Dragim prijateljima zahvaljujemo na posjeti i \u0161to su svojim prisustvom uljep\u0161ali Dan dr\u017eavnosti na\u0161e domovine.<\/div>\n<\/div>\n<div class=\"x11i5rnm xat24cr x1mh8g0r x1vvkbs xtlvy1s x126k92a\">\n<div dir=\"auto\">Ovakvi i sli\u010dni susreti predstavnika bh dijaspore u cilju razmjene iskustava bili su jedna od mnogih aktivnosti Svjetskog savez dijaspore BiH. Na \u017ealost, ove i mnoge druge aktivnosti Saveza uni\u0161tio je Hasan \u0160ehovi\u0107 koji se ve\u0107 10-15 godina predstavlja kao predsjednik Svjetskog saveza dijaspore BiH i ako taj isti Savez u praksi ve\u0107 godinama ne postoji. Gospodin \u0160ehovi\u0107 je nekada respektabilni Svjetski savez dijaspore BiH sveo na turnir u fudbalu.<\/div>\n<\/div>\n<div class=\"x11i5rnm xat24cr x1mh8g0r x1vvkbs xtlvy1s x126k92a\">\n<div dir=\"auto\">Gosti:<\/div>\n<div dir=\"auto\">Hajrudin Isovi\u0107, predsjednik RVI Dijaspore, Hamdija Draganovi\u0107, predsjednik Platforme BiH (krovna organizacija bh. udru\u017eenja u Holandiji), Aida Oluji\u0107 i \u017deljko Javor (Platform BiH \u2013 Holandija), Amir Grabi\u0107, predsjednik bh. omladine u Holandiji, Enisa Bukvi\u0107 (Italija), bh. knji\u017eevnica i predsjedavaju\u0107a udru\u017eenja \u201e\u017dena sa knjigom\u201c, Naida Ribi\u0107, glavna urednica Radio BH Dijaspore sa sjedi\u0161tem u Holandiji kao i na\u0161i umjetnici iz domovine Elvir Solak i operska pjeva\u010dica Narodnog pozori\u0161ta u Sarajevu Lejle Jusi\u0107.<\/div>\n<\/div>\n","protected":false},"excerpt":{"rendered":"<p>U okviru obilje\u017eavanja Dana dr\u017eavnosti BiH u Velikoj Britaniji, imali smo \u010dast da ugostimo aktiviste BH dijaspore iz Holandije, Njema\u010dke, Italije, predstavnike udru\u017eenja &#8220;\u017dena sa Knjigom&#8221;, Savez RVI u dijaspori [&hellip;]<\/p>\n","protected":false},"author":1,"featured_media":13551,"comment_status":"closed","ping_status":"closed","sticky":false,"template":"","format":"standard","meta":{"site-sidebar-layout":"default","site-content-layout":"","ast-site-content-layout":"default","site-content-style":"default","site-sidebar-style":"default","ast-global-header-display":"","ast-banner-title-visibility":"","ast-main-header-display":"","ast-hfb-above-header-display":"","ast-hfb-below-header-display":"","ast-hfb-mobile-header-display":"","site-post-title":"","ast-breadcrumbs-content":"","ast-featured-img":"","footer-sml-layout":"","ast-disable-related-posts":"","theme-transparent-header-meta":"","adv-header-id-meta":"","stick-header-meta":"","header-above-stick-meta":"","header-main-stick-meta":"","header-below-stick-meta":"","astra-migrate-meta-layouts":"default","ast-page-background-enabled":"default","ast-page-background-meta":{"desktop":{"background-color":"","background-image":"","background-repeat":"repeat","background-position":"center center","background-size":"auto","background-attachment":"scroll","background-type":"","background-media":"","overlay-type":"","overlay-color":"","overlay-opacity":"","overlay-gradient":""},"tablet":{"background-color":"","background-image":"","background-repeat":"repeat","background-position":"center center","background-size":"auto","background-attachment":"scroll","background-type":"","background-media":"","overlay-type":"","overlay-color":"","overlay-opacity":"","overlay-gradient":""},"mobile":{"background-color":"","background-image":"","background-repeat":"repeat","background-position":"center center","background-size":"auto","background-attachment":"scroll","background-type":"","background-media":"","overlay-type":"","overlay-color":"","overlay-opacity":"","overlay-gradient":""}},"ast-content-background-meta":{"desktop":{"background-color":"var(--ast-global-color-5)","background-image":"","background-repeat":"repeat","background-position":"center center","background-size":"auto","background-attachment":"scroll","background-type":"","background-media":"","overlay-type":"","overlay-color":"","overlay-opacity":"","overlay-gradient":""},"tablet":{"background-color":"var(--ast-global-color-5)","background-image":"","background-repeat":"repeat","background-position":"center center","background-size":"auto","background-attachment":"scroll","background-type":"","background-media":"","overlay-type":"","overlay-color":"","overlay-opacity":"","overlay-gradient":""},"mobile":{"background-color":"var(--ast-global-color-5)","background-image":"","background-repeat":"repeat","background-position":"center center","background-size":"auto","background-attachment":"scroll","background-type":"","background-media":"","overlay-type":"","overlay-color":"","overlay-opacity":"","overlay-gradient":""}},"_themeisle_gutenberg_block_has_review":false,"footnotes":""},"categories":[1],"tags":[],"class_list":["post-9487","post","type-post","status-publish","format-standard","has-post-thumbnail","hentry","category-uncategorized-bs"],"_links":{"self":[{"href":"https:\/\/bosniauknetwork.org\/bs\/wp-json\/wp\/v2\/posts\/9487","targetHints":{"allow":["GET"]}}],"collection":[{"href":"https:\/\/bosniauknetwork.org\/bs\/wp-json\/wp\/v2\/posts"}],"about":[{"href":"https:\/\/bosniauknetwork.org\/bs\/wp-json\/wp\/v2\/types\/post"}],"author":[{"embeddable":true,"href":"https:\/\/bosniauknetwork.org\/bs\/wp-json\/wp\/v2\/users\/1"}],"replies":[{"embeddable":true,"href":"https:\/\/bosniauknetwork.org\/bs\/wp-json\/wp\/v2\/comments?post=9487"}],"version-history":[{"count":0,"href":"https:\/\/bosniauknetwork.org\/bs\/wp-json\/wp\/v2\/posts\/9487\/revisions"}],"wp:featuredmedia":[{"embeddable":true,"href":"https:\/\/bosniauknetwork.org\/bs\/wp-json\/wp\/v2\/media\/13551"}],"wp:attachment":[{"href":"https:\/\/bosniauknetwork.org\/bs\/wp-json\/wp\/v2\/media?parent=9487"}],"wp:term":[{"taxonomy":"category","embeddable":true,"href":"https:\/\/bosniauknetwork.org\/bs\/wp-json\/wp\/v2\/categories?post=9487"},{"taxonomy":"post_tag","embeddable":true,"href":"https:\/\/bosniauknetwork.org\/bs\/wp-json\/wp\/v2\/tags?post=9487"}],"curies":[{"name":"wp","href":"https:\/\/api.w.org\/{rel}","templated":true}]}}