{"id":9529,"date":"2025-02-28T16:58:38","date_gmt":"2025-02-28T16:58:38","guid":{"rendered":"https:\/\/bosniauknetwork.org\/pocele-pripreme-organizacije-mars-mira-guildford-2025-u-znak-sjecanja-na-zrtve-genocida-u-srebrenici\/"},"modified":"2025-02-28T16:58:38","modified_gmt":"2025-02-28T16:58:38","slug":"pocele-pripreme-organizacije-mars-mira-guildford-2025-u-znak-sjecanja-na-zrtve-genocida-u-srebrenici","status":"publish","type":"post","link":"https:\/\/bosniauknetwork.org\/bs\/pocele-pripreme-organizacije-mars-mira-guildford-2025-u-znak-sjecanja-na-zrtve-genocida-u-srebrenici\/","title":{"rendered":"Po\u010dele pripreme organizacije \\&#8221;Mar\u0161 Mira Guildford 2025\u201d u znak sje\u0107anja na \u017ertve genocida u Srebrenici"},"content":{"rendered":"<p>\ud83d\udce3OBAVJE\u0160TENJE\ud83d\udce3<\/p>\n<p>Dragi po\u0161tovaoci sje\u0107anja na \u017drtve genocida u Srebrenici.<\/p>\n<p>Obavje\u0161tavamo vas da \u0107e i ove godine biti uprili\u010den &#8220;Mar\u0161 Mira Guildford\u201d<\/p>\n<p>Mar\u0161 Mira je predvi\u0111en za 21\/06\/2025 u Guildfordu sa po\u010detkom u 13h.<\/p>\n<p>Pored uobi\u010dajene \u0161etnje i odavanja po\u010dasti nevino stradalim \u017ertvama ove godine planiramo pro\u0161iriti aktivnosti i poku\u0161ati improvizovati scene kako bi prisutni mogli da osjete makar mali dio patnje kroz koju su prolazili na\u0161i najmilij<a class=\"dt-pswp-item\" href=https:\/\/bosniauknetwork.org\/wp-content\/uploads\/2025\/02\/357485c1-81c3-4a31-961f-5ed0f973bbfb.jpg\" data-dt-img-description=\"\" data-large_image_width=\"1600\" data-large_image_height=\"739\"><img fetchpriority=\"high\" class=\"alignnone size-full wp-image-9532\" src=https:\/\/bosniauknetwork.org\/wp-content\/uploads\/2025\/02\/357485c1-81c3-4a31-961f-5ed0f973bbfb.jpg\" alt=\"\" width=\"1600\" height=\"739\" \/><\/a><\/p>\n<p>Tokom \u0161etnje obratiti \u0107e se pre\u017eivjeli kako bi svima autenti\u010dnim pri\u010dama jo\u0161 ja\u010de do\u010darali taj nezaboravni egzodus.<\/p>\n<p>Plan obilje\u017eavanje Mar\u0161a Mira<\/p>\n<p>1. 13h okupljanje u Newland Coner, GU4 8SE, Drove Road.<br \/>\nZa sve koji dolaze privatnim automobilima obezbje\u0111en je besplatan parking<\/p>\n<p>2. Lagana \u0161etnja planiranom rutom kretanja u trajanju od 1h30 minuta<\/p>\n<p>3. \u010cas historije<br \/>\nZa \u010das historije planiramo kao i pro\u0161le godine.<br \/>\nSvi koji \u017eele i mogu da ispri\u010daju svoju ratnu pri\u010du.<\/p>\n<p>4. Glavni imam Sedin ef. \u0160ahman-Islamska Zajednica Bo\u0161njaka Velike Britanije &amp; Irske<\/p>\n<p>O\u010dekujemo vas u \u0161to vecem broju<br \/>\nUnaprijed zahvalni&#8230;<br \/>\nOrganizacioni odbor odr\u017eavanja Mar\u0161a Mira Guildford 2025<\/p>\n<p>Za sve informacija oko organizacije Mar\u0161a Mira Guildford<br \/>\nKontakt: Mujo Deli\u0107 (broj ve\u0107 u grupi)<br \/>\nE-mail: sgsauk30@gmail.com<\/p>\n<p>Hvala<\/p>\n","protected":false},"excerpt":{"rendered":"<p>\ud83d\udce3OBAVJE\u0160TENJE\ud83d\udce3 Dragi po\u0161tovaoci sje\u0107anja na \u017drtve genocida u Srebrenici. Obavje\u0161tavamo vas da \u0107e i ove godine biti uprili\u010den &#8220;Mar\u0161 Mira Guildford\u201d Mar\u0161 Mira je predvi\u0111en za 21\/06\/2025 u Guildfordu sa [&hellip;]<\/p>\n","protected":false},"author":1,"featured_media":13595,"comment_status":"closed","ping_status":"closed","sticky":false,"template":"","format":"standard","meta":{"site-sidebar-layout":"default","site-content-layout":"","ast-site-content-layout":"default","site-content-style":"default","site-sidebar-style":"default","ast-global-header-display":"","ast-banner-title-visibility":"","ast-main-header-display":"","ast-hfb-above-header-display":"","ast-hfb-below-header-display":"","ast-hfb-mobile-header-display":"","site-post-title":"","ast-breadcrumbs-content":"","ast-featured-img":"","footer-sml-layout":"","ast-disable-related-posts":"","theme-transparent-header-meta":"","adv-header-id-meta":"","stick-header-meta":"","header-above-stick-meta":"","header-main-stick-meta":"","header-below-stick-meta":"","astra-migrate-meta-layouts":"default","ast-page-background-enabled":"default","ast-page-background-meta":{"desktop":{"background-color":"","background-image":"","background-repeat":"repeat","background-position":"center center","background-size":"auto","background-attachment":"scroll","background-type":"","background-media":"","overlay-type":"","overlay-color":"","overlay-opacity":"","overlay-gradient":""},"tablet":{"background-color":"","background-image":"","background-repeat":"repeat","background-position":"center center","background-size":"auto","background-attachment":"scroll","background-type":"","background-media":"","overlay-type":"","overlay-color":"","overlay-opacity":"","overlay-gradient":""},"mobile":{"background-color":"","background-image":"","background-repeat":"repeat","background-position":"center center","background-size":"auto","background-attachment":"scroll","background-type":"","background-media":"","overlay-type":"","overlay-color":"","overlay-opacity":"","overlay-gradient":""}},"ast-content-background-meta":{"desktop":{"background-color":"var(--ast-global-color-5)","background-image":"","background-repeat":"repeat","background-position":"center center","background-size":"auto","background-attachment":"scroll","background-type":"","background-media":"","overlay-type":"","overlay-color":"","overlay-opacity":"","overlay-gradient":""},"tablet":{"background-color":"var(--ast-global-color-5)","background-image":"","background-repeat":"repeat","background-position":"center center","background-size":"auto","background-attachment":"scroll","background-type":"","background-media":"","overlay-type":"","overlay-color":"","overlay-opacity":"","overlay-gradient":""},"mobile":{"background-color":"var(--ast-global-color-5)","background-image":"","background-repeat":"repeat","background-position":"center center","background-size":"auto","background-attachment":"scroll","background-type":"","background-media":"","overlay-type":"","overlay-color":"","overlay-opacity":"","overlay-gradient":""}},"_themeisle_gutenberg_block_has_review":false,"footnotes":""},"categories":[1],"tags":[],"class_list":["post-9529","post","type-post","status-publish","format-standard","has-post-thumbnail","hentry","category-uncategorized-bs"],"_links":{"self":[{"href":"https:\/\/bosniauknetwork.org\/bs\/wp-json\/wp\/v2\/posts\/9529","targetHints":{"allow":["GET"]}}],"collection":[{"href":"https:\/\/bosniauknetwork.org\/bs\/wp-json\/wp\/v2\/posts"}],"about":[{"href":"https:\/\/bosniauknetwork.org\/bs\/wp-json\/wp\/v2\/types\/post"}],"author":[{"embeddable":true,"href":"https:\/\/bosniauknetwork.org\/bs\/wp-json\/wp\/v2\/users\/1"}],"replies":[{"embeddable":true,"href":"https:\/\/bosniauknetwork.org\/bs\/wp-json\/wp\/v2\/comments?post=9529"}],"version-history":[{"count":0,"href":"https:\/\/bosniauknetwork.org\/bs\/wp-json\/wp\/v2\/posts\/9529\/revisions"}],"wp:featuredmedia":[{"embeddable":true,"href":"https:\/\/bosniauknetwork.org\/bs\/wp-json\/wp\/v2\/media\/13595"}],"wp:attachment":[{"href":"https:\/\/bosniauknetwork.org\/bs\/wp-json\/wp\/v2\/media?parent=9529"}],"wp:term":[{"taxonomy":"category","embeddable":true,"href":"https:\/\/bosniauknetwork.org\/bs\/wp-json\/wp\/v2\/categories?post=9529"},{"taxonomy":"post_tag","embeddable":true,"href":"https:\/\/bosniauknetwork.org\/bs\/wp-json\/wp\/v2\/tags?post=9529"}],"curies":[{"name":"wp","href":"https:\/\/api.w.org\/{rel}","templated":true}]}}