{"id":9543,"date":"2025-01-16T16:10:35","date_gmt":"2025-01-16T16:10:35","guid":{"rendered":"https:\/\/bosniauknetwork.org\/sjecanje-na-srebrenicu-sastanak-odbora-west-midlandsa-u-bosanskoj-kuci-na-dnevnom-redu-je-obiljezavanje-30-godisnjice-genocida-u-srebrenici\/"},"modified":"2025-01-16T16:10:35","modified_gmt":"2025-01-16T16:10:35","slug":"sjecanje-na-srebrenicu-sastanak-odbora-west-midlandsa-u-bosanskoj-kuci-na-dnevnom-redu-je-obiljezavanje-30-godisnjice-genocida-u-srebrenici","status":"publish","type":"post","link":"https:\/\/bosniauknetwork.org\/bs\/sjecanje-na-srebrenicu-sastanak-odbora-west-midlandsa-u-bosanskoj-kuci-na-dnevnom-redu-je-obiljezavanje-30-godisnjice-genocida-u-srebrenici\/","title":{"rendered":"Sje\u0107anje na Srebrenicu sastanak odbora West Midlandsa u Bosanskoj ku\u0107i.  Na dnevnom redu je obilje\u017eavanje 30. godi\u0161njice genocida u Srebrenici."},"content":{"rendered":"<p>Sje\u0107anje na Srebrenicu sastanak odbora West Midlandsa u Bosanskoj ku\u0107i.<br \/>\nNa dnevnom redu je obilje\u017eavanje 30. godi\u0161njice genocida u Srebrenici. <a class=\"dt-pswp-item\" href=https:\/\/bosniauknetwork.org\/wp-content\/uploads\/2025\/03\/482344424_981888480707219_8113699035364039101_n.jpg\" data-dt-img-description=\"\" data-large_image_width=\"1280\" data-large_image_height=\"720\"><img fetchpriority=\"high\" class=\"alignnone size-full wp-image-9544\" src=https:\/\/bosniauknetwork.org\/wp-content\/uploads\/2025\/03\/482344424_981888480707219_8113699035364039101_n.jpg\" alt=\"\" width=\"1280\" height=\"720\" \/><\/a><a class=\"dt-pswp-item\" href=https:\/\/bosniauknetwork.org\/wp-content\/uploads\/2025\/03\/482345274_981888530707214_5886911133479520497_n.jpg\" data-dt-img-description=\"\" data-large_image_width=\"1280\" data-large_image_height=\"720\"><img class=\"alignnone size-full wp-image-9545\" src=https:\/\/bosniauknetwork.org\/wp-content\/uploads\/2025\/03\/482345274_981888530707214_5886911133479520497_n.jpg\" alt=\"\" width=\"1280\" height=\"720\" \/><\/a><a class=\"dt-pswp-item\" href=https:\/\/bosniauknetwork.org\/wp-content\/uploads\/2025\/03\/482353578_981888504040550_310333210444957300_n.jpg\" data-dt-img-description=\"\" data-large_image_width=\"1280\" data-large_image_height=\"720\"><img class=\"alignnone size-full wp-image-9546\" src=https:\/\/bosniauknetwork.org\/wp-content\/uploads\/2025\/03\/482353578_981888504040550_310333210444957300_n.jpg\" alt=\"\" width=\"1280\" height=\"720\" \/><\/a><\/p>\n","protected":false},"excerpt":{"rendered":"<p>Sje\u0107anje na Srebrenicu sastanak odbora West Midlandsa u Bosanskoj ku\u0107i. Na dnevnom redu je obilje\u017eavanje 30. godi\u0161njice genocida u Srebrenici.<\/p>\n","protected":false},"author":1,"featured_media":13629,"comment_status":"closed","ping_status":"closed","sticky":false,"template":"","format":"standard","meta":{"site-sidebar-layout":"default","site-content-layout":"","ast-site-content-layout":"default","site-content-style":"default","site-sidebar-style":"default","ast-global-header-display":"","ast-banner-title-visibility":"","ast-main-header-display":"","ast-hfb-above-header-display":"","ast-hfb-below-header-display":"","ast-hfb-mobile-header-display":"","site-post-title":"","ast-breadcrumbs-content":"","ast-featured-img":"","footer-sml-layout":"","ast-disable-related-posts":"","theme-transparent-header-meta":"","adv-header-id-meta":"","stick-header-meta":"","header-above-stick-meta":"","header-main-stick-meta":"","header-below-stick-meta":"","astra-migrate-meta-layouts":"default","ast-page-background-enabled":"default","ast-page-background-meta":{"desktop":{"background-color":"","background-image":"","background-repeat":"repeat","background-position":"center center","background-size":"auto","background-attachment":"scroll","background-type":"","background-media":"","overlay-type":"","overlay-color":"","overlay-opacity":"","overlay-gradient":""},"tablet":{"background-color":"","background-image":"","background-repeat":"repeat","background-position":"center center","background-size":"auto","background-attachment":"scroll","background-type":"","background-media":"","overlay-type":"","overlay-color":"","overlay-opacity":"","overlay-gradient":""},"mobile":{"background-color":"","background-image":"","background-repeat":"repeat","background-position":"center center","background-size":"auto","background-attachment":"scroll","background-type":"","background-media":"","overlay-type":"","overlay-color":"","overlay-opacity":"","overlay-gradient":""}},"ast-content-background-meta":{"desktop":{"background-color":"var(--ast-global-color-5)","background-image":"","background-repeat":"repeat","background-position":"center center","background-size":"auto","background-attachment":"scroll","background-type":"","background-media":"","overlay-type":"","overlay-color":"","overlay-opacity":"","overlay-gradient":""},"tablet":{"background-color":"var(--ast-global-color-5)","background-image":"","background-repeat":"repeat","background-position":"center center","background-size":"auto","background-attachment":"scroll","background-type":"","background-media":"","overlay-type":"","overlay-color":"","overlay-opacity":"","overlay-gradient":""},"mobile":{"background-color":"var(--ast-global-color-5)","background-image":"","background-repeat":"repeat","background-position":"center center","background-size":"auto","background-attachment":"scroll","background-type":"","background-media":"","overlay-type":"","overlay-color":"","overlay-opacity":"","overlay-gradient":""}},"_themeisle_gutenberg_block_has_review":false,"footnotes":""},"categories":[1],"tags":[],"class_list":["post-9543","post","type-post","status-publish","format-standard","has-post-thumbnail","hentry","category-uncategorized-bs"],"_links":{"self":[{"href":"https:\/\/bosniauknetwork.org\/bs\/wp-json\/wp\/v2\/posts\/9543","targetHints":{"allow":["GET"]}}],"collection":[{"href":"https:\/\/bosniauknetwork.org\/bs\/wp-json\/wp\/v2\/posts"}],"about":[{"href":"https:\/\/bosniauknetwork.org\/bs\/wp-json\/wp\/v2\/types\/post"}],"author":[{"embeddable":true,"href":"https:\/\/bosniauknetwork.org\/bs\/wp-json\/wp\/v2\/users\/1"}],"replies":[{"embeddable":true,"href":"https:\/\/bosniauknetwork.org\/bs\/wp-json\/wp\/v2\/comments?post=9543"}],"version-history":[{"count":0,"href":"https:\/\/bosniauknetwork.org\/bs\/wp-json\/wp\/v2\/posts\/9543\/revisions"}],"wp:featuredmedia":[{"embeddable":true,"href":"https:\/\/bosniauknetwork.org\/bs\/wp-json\/wp\/v2\/media\/13629"}],"wp:attachment":[{"href":"https:\/\/bosniauknetwork.org\/bs\/wp-json\/wp\/v2\/media?parent=9543"}],"wp:term":[{"taxonomy":"category","embeddable":true,"href":"https:\/\/bosniauknetwork.org\/bs\/wp-json\/wp\/v2\/categories?post=9543"},{"taxonomy":"post_tag","embeddable":true,"href":"https:\/\/bosniauknetwork.org\/bs\/wp-json\/wp\/v2\/tags?post=9543"}],"curies":[{"name":"wp","href":"https:\/\/api.w.org\/{rel}","templated":true}]}}