{"id":9548,"date":"2025-01-21T16:14:49","date_gmt":"2025-01-21T16:14:49","guid":{"rendered":"https:\/\/bosniauknetwork.org\/birmingham-danas-smo-obiljezili-dan-sjecanja-na-holokaust\/"},"modified":"2025-01-21T16:14:49","modified_gmt":"2025-01-21T16:14:49","slug":"birmingham-danas-smo-obiljezili-dan-sjecanja-na-holokaust","status":"publish","type":"post","link":"https:\/\/bosniauknetwork.org\/bs\/birmingham-danas-smo-obiljezili-dan-sjecanja-na-holokaust\/","title":{"rendered":"BIRMINGHAM &#8211; Danas smo obilje\u017eili Dan sje\u0107anja na holokaust"},"content":{"rendered":"<p><span style=\"font-size: 12pt;\">Danas smo obilje\u017eili Dan sje\u0107anja na holokaust, okupljaju\u0107i se u znak sje\u0107anja na obilje\u017eavanje 80. godi\u0161njice oslobo\u0111enja Auschwitz-Birkenaua i 30. godi\u0161njice genocida u Bosni.<\/span><br \/>\n<span style=\"font-size: 12pt;\">Zapalili smo svije\u0107e u znak po\u010dasti onima \u010diji su \u017eivoti izgubljeni i potvrdili na\u0161u posve\u0107enost borbi protiv mr\u017enje i diskriminacije i radu ka svjetlijoj i suosje\u0107ajnijoj budu\u0107nosti.<\/span><\/p>\n<p><a class=\"dt-pswp-item\" href=https:\/\/bosniauknetwork.org\/wp-content\/uploads\/2025\/03\/482359013_981891510706916_2531785704226529857_n.jpg\" data-dt-img-description=\"\" data-large_image_width=\"1439\" data-large_image_height=\"960\"><img fetchpriority=\"high\" class=\"alignnone size-full wp-image-9550\" src=https:\/\/bosniauknetwork.org\/wp-content\/uploads\/2025\/03\/482359013_981891510706916_2531785704226529857_n.jpg\" alt=\"\" width=\"1439\" height=\"960\" \/><\/a><\/p>\n<p><span style=\"font-size: 12pt;\">Ovogodi\u0161nja tema &#8220;Za bolju budu\u0107nost&#8221; poziva nas da zamislimo budu\u0107nost u kojoj se takvi zlo\u010dini nikada ne\u0107e ponoviti. Kroz dirljive pri\u010de, sna\u017ena svjedo\u010danstva i umjetni\u010dke izraze, istra\u017eili smo va\u017enost sje\u0107anja i ulogu koju svako od nas ima u negovanju inkluzivnijeg dru\u0161tva.<\/span><\/p>\n<p><a class=\"dt-pswp-item\" href=https:\/\/bosniauknetwork.org\/wp-content\/uploads\/2025\/03\/484149651_981891774040223_1659202647420287162_n.jpg\" data-dt-img-description=\"\" data-large_image_width=\"1439\" data-large_image_height=\"960\"><img class=\"alignnone size-full wp-image-9551\" src=https:\/\/bosniauknetwork.org\/wp-content\/uploads\/2025\/03\/484149651_981891774040223_1659202647420287162_n.jpg\" alt=\"\" width=\"1439\" height=\"960\" \/><\/a><\/p>\n","protected":false},"excerpt":{"rendered":"<p>Danas smo obilje\u017eili Dan sje\u0107anja na holokaust, okupljaju\u0107i se u znak sje\u0107anja na obilje\u017eavanje 80. godi\u0161njice oslobo\u0111enja Auschwitz-Birkenaua i 30. godi\u0161njice genocida u Bosni. Zapalili smo svije\u0107e u znak po\u010dasti [&hellip;]<\/p>\n","protected":false},"author":1,"featured_media":13635,"comment_status":"closed","ping_status":"closed","sticky":false,"template":"","format":"standard","meta":{"site-sidebar-layout":"default","site-content-layout":"","ast-site-content-layout":"default","site-content-style":"default","site-sidebar-style":"default","ast-global-header-display":"","ast-banner-title-visibility":"","ast-main-header-display":"","ast-hfb-above-header-display":"","ast-hfb-below-header-display":"","ast-hfb-mobile-header-display":"","site-post-title":"","ast-breadcrumbs-content":"","ast-featured-img":"","footer-sml-layout":"","ast-disable-related-posts":"","theme-transparent-header-meta":"","adv-header-id-meta":"","stick-header-meta":"","header-above-stick-meta":"","header-main-stick-meta":"","header-below-stick-meta":"","astra-migrate-meta-layouts":"default","ast-page-background-enabled":"default","ast-page-background-meta":{"desktop":{"background-color":"","background-image":"","background-repeat":"repeat","background-position":"center center","background-size":"auto","background-attachment":"scroll","background-type":"","background-media":"","overlay-type":"","overlay-color":"","overlay-opacity":"","overlay-gradient":""},"tablet":{"background-color":"","background-image":"","background-repeat":"repeat","background-position":"center center","background-size":"auto","background-attachment":"scroll","background-type":"","background-media":"","overlay-type":"","overlay-color":"","overlay-opacity":"","overlay-gradient":""},"mobile":{"background-color":"","background-image":"","background-repeat":"repeat","background-position":"center center","background-size":"auto","background-attachment":"scroll","background-type":"","background-media":"","overlay-type":"","overlay-color":"","overlay-opacity":"","overlay-gradient":""}},"ast-content-background-meta":{"desktop":{"background-color":"var(--ast-global-color-5)","background-image":"","background-repeat":"repeat","background-position":"center center","background-size":"auto","background-attachment":"scroll","background-type":"","background-media":"","overlay-type":"","overlay-color":"","overlay-opacity":"","overlay-gradient":""},"tablet":{"background-color":"var(--ast-global-color-5)","background-image":"","background-repeat":"repeat","background-position":"center center","background-size":"auto","background-attachment":"scroll","background-type":"","background-media":"","overlay-type":"","overlay-color":"","overlay-opacity":"","overlay-gradient":""},"mobile":{"background-color":"var(--ast-global-color-5)","background-image":"","background-repeat":"repeat","background-position":"center center","background-size":"auto","background-attachment":"scroll","background-type":"","background-media":"","overlay-type":"","overlay-color":"","overlay-opacity":"","overlay-gradient":""}},"_themeisle_gutenberg_block_has_review":false,"footnotes":""},"categories":[1],"tags":[],"class_list":["post-9548","post","type-post","status-publish","format-standard","has-post-thumbnail","hentry","category-uncategorized-bs"],"_links":{"self":[{"href":"https:\/\/bosniauknetwork.org\/bs\/wp-json\/wp\/v2\/posts\/9548","targetHints":{"allow":["GET"]}}],"collection":[{"href":"https:\/\/bosniauknetwork.org\/bs\/wp-json\/wp\/v2\/posts"}],"about":[{"href":"https:\/\/bosniauknetwork.org\/bs\/wp-json\/wp\/v2\/types\/post"}],"author":[{"embeddable":true,"href":"https:\/\/bosniauknetwork.org\/bs\/wp-json\/wp\/v2\/users\/1"}],"replies":[{"embeddable":true,"href":"https:\/\/bosniauknetwork.org\/bs\/wp-json\/wp\/v2\/comments?post=9548"}],"version-history":[{"count":0,"href":"https:\/\/bosniauknetwork.org\/bs\/wp-json\/wp\/v2\/posts\/9548\/revisions"}],"wp:featuredmedia":[{"embeddable":true,"href":"https:\/\/bosniauknetwork.org\/bs\/wp-json\/wp\/v2\/media\/13635"}],"wp:attachment":[{"href":"https:\/\/bosniauknetwork.org\/bs\/wp-json\/wp\/v2\/media?parent=9548"}],"wp:term":[{"taxonomy":"category","embeddable":true,"href":"https:\/\/bosniauknetwork.org\/bs\/wp-json\/wp\/v2\/categories?post=9548"},{"taxonomy":"post_tag","embeddable":true,"href":"https:\/\/bosniauknetwork.org\/bs\/wp-json\/wp\/v2\/tags?post=9548"}],"curies":[{"name":"wp","href":"https:\/\/api.w.org\/{rel}","templated":true}]}}