{"id":9568,"date":"2025-02-11T16:38:36","date_gmt":"2025-02-11T16:38:36","guid":{"rendered":"https:\/\/bosniauknetwork.org\/inicijativu-za-formalnu-registraciju-udruzenja-organizacija-i-neformalnih-grupa-bosanskohercegovacke-dijaspore-zainteresovanih-za-saradnju-u-obiljezavanju-30-godisnjice-genocida-u-srebrenici\/"},"modified":"2025-02-11T16:38:36","modified_gmt":"2025-02-11T16:38:36","slug":"inicijativu-za-formalnu-registraciju-udruzenja-organizacija-i-neformalnih-grupa-bosanskohercegovacke-dijaspore-zainteresovanih-za-saradnju-u-obiljezavanju-30-godisnjice-genocida-u-srebrenici","status":"publish","type":"post","link":"https:\/\/bosniauknetwork.org\/bs\/inicijativu-za-formalnu-registraciju-udruzenja-organizacija-i-neformalnih-grupa-bosanskohercegovacke-dijaspore-zainteresovanih-za-saradnju-u-obiljezavanju-30-godisnjice-genocida-u-srebrenici\/","title":{"rendered":"Inicijativu za formalnu registraciju udru\u017eenja, organizacija i neformalnih grupa bosanskohercegova\u010dke dijaspore zainteresovanih za saradnju u obilje\u017eavanju 30. godi\u0161njice genocida u Srebrenici"},"content":{"rendered":"<div class=\"xdj266r x11i5rnm xat24cr x1mh8g0r x1vvkbs x126k92a\">\n<div dir=\"auto\"><span style=\"font-size: 12pt; color: #000000;\">Pismo\/ Poziv <span class=\"html-span xdj266r x11i5rnm xat24cr x1mh8g0r xexx8yu x4uap5 x18d9i69 xkhd6sd x1hl2dhg x16tdsg8 x1vvkbs\"><a class=\"x1i10hfl xjbqb8w x1ejq31n xd10rxx x1sy0etr x17r0tee x972fbf xcfux6l x1qhh985 xm0m39n x9f619 x1ypdohk xt0psk2 xe8uvvx xdj266r x11i5rnm xat24cr x1mh8g0r xexx8yu x4uap5 x18d9i69 xkhd6sd x16tdsg8 x1hl2dhg xggy1nq x1a2a7pz xkrqix3 x1sur9pj x1fey0fg x1s688f\" style=\"color: #000000;\" tabindex=\"0\" role=\"link\" href=\"https:\/\/www.facebook.com\/SrebrenicaMemorialCenter?__cft__[0]=AZXtvyVz0U36RI9nWTP0FMec5BL7ukyXdyR10y9mFyRMPspAT-EVsYy9LvKgEKqFbrDzFNbn1FGHiHV3b9LCnSjXxCUQ6LeXVeQO8TTSk9IVlang0dND-ApgWh1CxEx9ztTOSYp6wsAFugk6JWg7eWC3D9H5nbhx-LknFOelODNOWmA2eFrjkkqQn6efIolLhkg&amp;__tn__=-]K-R\"><span class=\"xt0psk2\"><span class=\"xjp7ctv\">Srebrenica Memorial Center<\/span><\/span><\/a><\/span><\/span><\/div>\n<div dir=\"auto\"><\/div>\n<\/div>\n<div class=\"x11i5rnm xat24cr x1mh8g0r x1vvkbs xtlvy1s x126k92a\">\n<div dir=\"auto\"><span style=\"font-size: 12pt; color: #000000;\">Memorijalni centar Srebrenica &#8211; Poto\u010dari Spomen obilje\u017eje i mezarje za \u017ertve genocida iz 1995. godine, u saradnji s Federalnim ministarstvom za raseljene osobe i izbjeglice, pokre\u0107e inicijativu za formalnu registraciju udru\u017eenja, organizacija i neformalnih grupa bosanskohercegova\u010dke dijaspore zainteresovanih za saradnju u obilje\u017eavanju 30. godi\u0161njice genocida u Srebrenici.<\/span><\/div>\n<div dir=\"auto\"><\/div>\n<\/div>\n<div class=\"x11i5rnm xat24cr x1mh8g0r x1vvkbs xtlvy1s x126k92a\">\n<div dir=\"auto\"><span style=\"font-size: 12pt;\"><span style=\"color: #000000;\">Registracija omog<\/span>u\u0107ava uspostavljanje zajedni\u010dkog okvira saradnje, kori\u0161tenje jedinstvenog vizuelnog identiteta, podr\u0161ku u organizaciji doga\u0111aja, kao i pristup slu\u017ebenim materijalima Memorijalnog centra.<\/span><\/div>\n<div dir=\"auto\"><\/div>\n<\/div>\n<div class=\"x11i5rnm xat24cr x1mh8g0r x1vvkbs xtlvy1s x126k92a\">\n<div dir=\"auto\"><span style=\"font-size: 12pt;\">Pozivamo vas da popunite ovaj obrazac do 1. marta 2025. godine i podijelite informaciju s drugim organizacijama i zajednicama u va\u0161oj mre\u017ei. Va\u0161 doprinos klju\u010dan je za zajedni\u010dko o\u010duvanje sje\u0107anja i promociju kulture pam\u0107enja.<\/span><\/div>\n<div dir=\"auto\"><\/div>\n<\/div>\n<div class=\"x11i5rnm xat24cr x1mh8g0r x1vvkbs xtlvy1s x126k92a\">\n<div dir=\"auto\"><span style=\"font-size: 12pt;\">Hvala na va\u0161em anga\u017emanu i podr\u0161ci!<\/span><\/div>\n<\/div>\n<div class=\"x11i5rnm xat24cr x1mh8g0r x1vvkbs xtlvy1s x126k92a\">\n<div dir=\"auto\"><span style=\"font-size: 12pt;\">Link za prijavu: <span class=\"html-span xdj266r x11i5rnm xat24cr x1mh8g0r xexx8yu x4uap5 x18d9i69 xkhd6sd x1hl2dhg x16tdsg8 x1vvkbs\"><a class=\"x1i10hfl xjbqb8w x1ejq31n xd10rxx x1sy0etr x17r0tee x972fbf xcfux6l x1qhh985 xm0m39n x9f619 x1ypdohk xt0psk2 xe8uvvx xdj266r x11i5rnm xat24cr x1mh8g0r xexx8yu x4uap5 x18d9i69 xkhd6sd x16tdsg8 x1hl2dhg xggy1nq x1a2a7pz xkrqix3 x1sur9pj x1fey0fg x1s688f\" tabindex=\"0\" role=\"link\" href=\"https:\/\/l.facebook.com\/l.php?u=https%3A%2F%2Ft.co%2FIAeivtkwR4%3Ffbclid%3DIwZXh0bgNhZW0CMTAAAR2rZgLBwGcBKYOf0xHRppBTlFtBBOPlbv9IDm2lMkV8VcrshCAAEY0VvGk_aem_FJwT1Kvf1URUeKCggPK1-w&amp;h=AT2p0EKpy0XRdEfytEbhxYBtFw7Zk5L4jt9sY1B29pcer0lM9dzxgLEljTvZAsRd43i570eechXM1MTHq9WcP_kclR54jjNh3ETtc090vg0TOqUGmApnndjbjvqZJ9SHRYOUeLik35hflerW20qfnQ&amp;__tn__=-UK-R&amp;c[0]=AT1ZnvnteCylW5Y_yK_A45TkDZDPF31qP7csLsCevrOwamgcFVJNOHE5Ttm6kfSwuy9wdn_GrXm_w2ViVPBYDi5aePo4KvJYqEr6MknYEkf7IGEZi_cRN0xBK3BAgOZQptNM3_s28ItpIkkEOGNeARiLFwxMOqJkER3-WNzfq_IuFFkUs0xBaBCkFis2wq7v95mSpjQzH_QGenvK0IqR1MdxTw\" target=\"_blank\" rel=\"nofollow noopener noreferrer\">https:\/\/t.co\/IAeivtkwR4<\/a><\/span><\/span><\/div>\n<div dir=\"auto\"><\/div>\n<\/div>\n<div dir=\"auto\"><a class=\"dt-pswp-item\" href=https:\/\/bosniauknetwork.org\/wp-content\/uploads\/2025\/03\/484167059_983596773869723_6719968675011797852_n.jpg\" data-dt-img-description=\"\" data-large_image_width=\"1200\" data-large_image_height=\"628\"><img fetchpriority=\"high\" class=\"alignnone size-full wp-image-9570\" src=https:\/\/bosniauknetwork.org\/wp-content\/uploads\/2025\/03\/484167059_983596773869723_6719968675011797852_n.jpg\" alt=\"\" width=\"1200\" height=\"628\" \/><\/a><\/div>\n","protected":false},"excerpt":{"rendered":"<p>Pismo\/ Poziv Srebrenica Memorial Center Memorijalni centar Srebrenica &#8211; Poto\u010dari Spomen obilje\u017eje i mezarje za \u017ertve genocida iz 1995. godine, u saradnji s Federalnim ministarstvom za raseljene osobe i izbjeglice, [&hellip;]<\/p>\n","protected":false},"author":1,"featured_media":13640,"comment_status":"closed","ping_status":"closed","sticky":false,"template":"","format":"standard","meta":{"site-sidebar-layout":"default","site-content-layout":"","ast-site-content-layout":"default","site-content-style":"default","site-sidebar-style":"default","ast-global-header-display":"","ast-banner-title-visibility":"","ast-main-header-display":"","ast-hfb-above-header-display":"","ast-hfb-below-header-display":"","ast-hfb-mobile-header-display":"","site-post-title":"","ast-breadcrumbs-content":"","ast-featured-img":"","footer-sml-layout":"","ast-disable-related-posts":"","theme-transparent-header-meta":"","adv-header-id-meta":"","stick-header-meta":"","header-above-stick-meta":"","header-main-stick-meta":"","header-below-stick-meta":"","astra-migrate-meta-layouts":"default","ast-page-background-enabled":"default","ast-page-background-meta":{"desktop":{"background-color":"","background-image":"","background-repeat":"repeat","background-position":"center center","background-size":"auto","background-attachment":"scroll","background-type":"","background-media":"","overlay-type":"","overlay-color":"","overlay-opacity":"","overlay-gradient":""},"tablet":{"background-color":"","background-image":"","background-repeat":"repeat","background-position":"center center","background-size":"auto","background-attachment":"scroll","background-type":"","background-media":"","overlay-type":"","overlay-color":"","overlay-opacity":"","overlay-gradient":""},"mobile":{"background-color":"","background-image":"","background-repeat":"repeat","background-position":"center center","background-size":"auto","background-attachment":"scroll","background-type":"","background-media":"","overlay-type":"","overlay-color":"","overlay-opacity":"","overlay-gradient":""}},"ast-content-background-meta":{"desktop":{"background-color":"var(--ast-global-color-5)","background-image":"","background-repeat":"repeat","background-position":"center center","background-size":"auto","background-attachment":"scroll","background-type":"","background-media":"","overlay-type":"","overlay-color":"","overlay-opacity":"","overlay-gradient":""},"tablet":{"background-color":"var(--ast-global-color-5)","background-image":"","background-repeat":"repeat","background-position":"center center","background-size":"auto","background-attachment":"scroll","background-type":"","background-media":"","overlay-type":"","overlay-color":"","overlay-opacity":"","overlay-gradient":""},"mobile":{"background-color":"var(--ast-global-color-5)","background-image":"","background-repeat":"repeat","background-position":"center center","background-size":"auto","background-attachment":"scroll","background-type":"","background-media":"","overlay-type":"","overlay-color":"","overlay-opacity":"","overlay-gradient":""}},"_themeisle_gutenberg_block_has_review":false,"footnotes":""},"categories":[1],"tags":[],"class_list":["post-9568","post","type-post","status-publish","format-standard","has-post-thumbnail","hentry","category-uncategorized-bs"],"_links":{"self":[{"href":"https:\/\/bosniauknetwork.org\/bs\/wp-json\/wp\/v2\/posts\/9568","targetHints":{"allow":["GET"]}}],"collection":[{"href":"https:\/\/bosniauknetwork.org\/bs\/wp-json\/wp\/v2\/posts"}],"about":[{"href":"https:\/\/bosniauknetwork.org\/bs\/wp-json\/wp\/v2\/types\/post"}],"author":[{"embeddable":true,"href":"https:\/\/bosniauknetwork.org\/bs\/wp-json\/wp\/v2\/users\/1"}],"replies":[{"embeddable":true,"href":"https:\/\/bosniauknetwork.org\/bs\/wp-json\/wp\/v2\/comments?post=9568"}],"version-history":[{"count":0,"href":"https:\/\/bosniauknetwork.org\/bs\/wp-json\/wp\/v2\/posts\/9568\/revisions"}],"wp:featuredmedia":[{"embeddable":true,"href":"https:\/\/bosniauknetwork.org\/bs\/wp-json\/wp\/v2\/media\/13640"}],"wp:attachment":[{"href":"https:\/\/bosniauknetwork.org\/bs\/wp-json\/wp\/v2\/media?parent=9568"}],"wp:term":[{"taxonomy":"category","embeddable":true,"href":"https:\/\/bosniauknetwork.org\/bs\/wp-json\/wp\/v2\/categories?post=9568"},{"taxonomy":"post_tag","embeddable":true,"href":"https:\/\/bosniauknetwork.org\/bs\/wp-json\/wp\/v2\/tags?post=9568"}],"curies":[{"name":"wp","href":"https:\/\/api.w.org\/{rel}","templated":true}]}}