{"id":9613,"date":"2025-03-12T19:27:59","date_gmt":"2025-03-12T19:27:59","guid":{"rendered":"https:\/\/bosniauknetwork.org\/remembering-srebrenica-uk-izrazava-solidarnost-s-memorijalnim-centrom-srebrenica-koji-je-bio-primoran-zatvoriti-svoja-vrata-iz-sigurnosnih-razloga\/"},"modified":"2025-03-12T19:27:59","modified_gmt":"2025-03-12T19:27:59","slug":"remembering-srebrenica-uk-izrazava-solidarnost-s-memorijalnim-centrom-srebrenica-koji-je-bio-primoran-zatvoriti-svoja-vrata-iz-sigurnosnih-razloga","status":"publish","type":"post","link":"https:\/\/bosniauknetwork.org\/bs\/remembering-srebrenica-uk-izrazava-solidarnost-s-memorijalnim-centrom-srebrenica-koji-je-bio-primoran-zatvoriti-svoja-vrata-iz-sigurnosnih-razloga\/","title":{"rendered":"Remembering Srebrenica UK izra\u017eava solidarnost s Memorijalnim centrom Srebrenica, koji je bio primoran zatvoriti svoja vrata iz sigurnosnih razloga."},"content":{"rendered":"<div class=\"xdj266r x11i5rnm xat24cr x1mh8g0r x1vvkbs x126k92a\">\n<div dir=\"auto\"><span style=\"font-size: 12pt;\">\u201cIstina nikada ne smije biti uti\u0161ana\u201d, poru\u010duje Remembering Srebrenica UK nakon prijetnji koje su primorale Memorijalni centar Srebrenica da zatvori svoja vrata.<\/span><\/div>\n<\/div>\n<div class=\"x11i5rnm xat24cr x1mh8g0r x1vvkbs xtlvy1s x126k92a\">\n<div dir=\"auto\"><span style=\"font-size: 12pt;\">Remembering Srebrenica UK izra\u017eava solidarnost s Memorijalnim centrom Srebrenica, koji je bio primoran zatvoriti svoja vrata iz sigurnosnih razloga.<\/span><\/div>\n<\/div>\n<div class=\"x11i5rnm xat24cr x1mh8g0r x1vvkbs xtlvy1s x126k92a\">\n<div dir=\"auto\"><span style=\"font-size: 12pt;\">Napetosti su porasle nakon \u0161to je ultranacionalisti\u010dki lider bosanskih Srba, Milorad Dodik, nedavno pozvao etni\u010dke Srbe da napuste dr\u017eavne institucije, uklju\u010duju\u0107i policiju i sudove. Njegov poziv uslijedio je nakon \u0161to je Narodna skup\u0161tina Republike Srpske jednostrano donijela zakone koji su neprijateljski prema mirovnom sporazumu kojim je okon\u010dan rat u Bosni 1990-ih.<\/span><\/div>\n<\/div>\n<div class=\"x11i5rnm xat24cr x1mh8g0r x1vvkbs xtlvy1s x126k92a\">\n<div dir=\"auto\"><span style=\"font-size: 12pt;\">Dodik, koji je ve\u0107 osu\u0111en na zatvorsku kaznu zbog nepo\u0161tivanja odluka Visokog predstavnika za Bosnu i Hercegovinu, upozorio je da \u0107e \u201cradikalizirati situaciju\u201d u zemlji, \u0161to je izazvalo strahove da bi Memorijalni centar Srebrenica, koji komemorira genocid nad Bo\u0161njacima 1995. godine, mogao postati meta glorifikatora genocida.<\/span><\/div>\n<\/div>\n<div class=\"x11i5rnm xat24cr x1mh8g0r x1vvkbs xtlvy1s x126k92a\">\n<div dir=\"auto\"><span style=\"font-size: 12pt;\">Dr. Waqar Azmi OBE, predsjednik organizacije Remembering Srebrenica UK, izjavio je danas:<\/span><\/div>\n<\/div>\n<div class=\"x11i5rnm xat24cr x1mh8g0r x1vvkbs xtlvy1s x126k92a\">\n<div dir=\"auto\"><span style=\"font-size: 12pt;\">\u201cOve godine obilje\u017eavamo 30. godi\u0161njicu bosanskog genocida. Memorijalni centar Srebrenica, koji se nadvija nad hiljadama nadgrobnih spomenika nevinih \u017ertava, obavlja klju\u010dan posao u o\u010duvanju sje\u0107anja na njih i pru\u017eanju podr\u0161ke pre\u017eivjelima. Tako\u0111er educiraju dana\u0161nje generacije o va\u017enosti borbe protiv mr\u017enje, bilo u Bosni ili bilo gdje drugo.<\/span><\/div>\n<\/div>\n<div class=\"x11i5rnm xat24cr x1mh8g0r x1vvkbs xtlvy1s x126k92a\">\n<div dir=\"auto\"><span style=\"font-size: 12pt;\">Provokativni novi zakoni koje je donijela Narodna skup\u0161tina Republike Srpske ne samo da predstavljaju direktnu prijetnju suverenitetu Bosne i Hercegovine, ve\u0107 i nastavljaju promovirati istu ideologiju koja je dovela do genocida u Srebrenici \u2013 najgoreg zlo\u010dina na tlu Evrope od Drugog svjetskog rata.<\/span><\/div>\n<\/div>\n<div class=\"x11i5rnm xat24cr x1mh8g0r x1vvkbs xtlvy1s x126k92a\">\n<div dir=\"auto\"><span style=\"font-size: 12pt;\">Remembering Srebrenica UK stoji uz na\u0161e prijatelje u Memorijalnom centru. Ova vijest predstavlja bolno podsje\u0107anje na potrebu obilje\u017eavanja 30. godi\u0161njice bosanskog genocida, \u0161to \u0107emo ove godine predvoditi u Velikoj Britaniji s stotinama komemorativnih doga\u0111aja \u0161irom zemlje, uo\u010di Me\u0111unarodnog dana sje\u0107anja na Srebrenicu 11. jula. Sje\u0107amo se ju\u010der i djelujemo danas. Istina nikada ne smije biti uti\u0161ana.\u201d<\/span><\/div>\n<div dir=\"auto\"><span class=\"html-span xdj266r x11i5rnm xat24cr x1mh8g0r xexx8yu x4uap5 x18d9i69 xkhd6sd x1hl2dhg x16tdsg8 x1vvkbs\" style=\"font-size: 12pt;\"><a class=\"x1i10hfl xjbqb8w x1ejq31n xd10rxx x1sy0etr x17r0tee x972fbf xcfux6l x1qhh985 xm0m39n x9f619 x1ypdohk xt0psk2 xe8uvvx xdj266r x11i5rnm xat24cr x1mh8g0r xexx8yu x4uap5 x18d9i69 xkhd6sd x16tdsg8 x1hl2dhg xggy1nq x1a2a7pz xkrqix3 x1sur9pj x1fey0fg x1s688f\" tabindex=\"0\" role=\"link\" href=\"https:\/\/www.facebook.com\/rememberingsrebrenica?__cft__[0]=AZUCyXMc9hvPpx44Sf1S0Zr_apCtXV5iOzXXyxXn8Ih3YhZOxkg5dplBwtuezunDmWQOjS0Nr4TJEfaql8sWCXEuih2K0ZjP-czIElnlptyTFHATJ77US-FDse3Cas0GBFWOLu9FlrXnkqPQhzkpkB0NycyCrD55ufi5qnKpEh9GZKkyROf2llCh5Y8hgNLyfb8&amp;__tn__=-]K-R\"><span class=\"xt0psk2\"><span class=\"xjp7ctv\">Remembering Srebrenica<\/span><\/span><\/a><\/span><\/div>\n<\/div>\n","protected":false},"excerpt":{"rendered":"<p>\u201cIstina nikada ne smije biti uti\u0161ana\u201d, poru\u010duje Remembering Srebrenica UK nakon prijetnji koje su primorale Memorijalni centar Srebrenica da zatvori svoja vrata. Remembering Srebrenica UK izra\u017eava solidarnost s Memorijalnim centrom [&hellip;]<\/p>\n","protected":false},"author":1,"featured_media":0,"comment_status":"closed","ping_status":"closed","sticky":false,"template":"","format":"standard","meta":{"site-sidebar-layout":"default","site-content-layout":"","ast-site-content-layout":"default","site-content-style":"default","site-sidebar-style":"default","ast-global-header-display":"","ast-banner-title-visibility":"","ast-main-header-display":"","ast-hfb-above-header-display":"","ast-hfb-below-header-display":"","ast-hfb-mobile-header-display":"","site-post-title":"","ast-breadcrumbs-content":"","ast-featured-img":"","footer-sml-layout":"","ast-disable-related-posts":"","theme-transparent-header-meta":"","adv-header-id-meta":"","stick-header-meta":"","header-above-stick-meta":"","header-main-stick-meta":"","header-below-stick-meta":"","astra-migrate-meta-layouts":"default","ast-page-background-enabled":"default","ast-page-background-meta":{"desktop":{"background-color":"","background-image":"","background-repeat":"repeat","background-position":"center center","background-size":"auto","background-attachment":"scroll","background-type":"","background-media":"","overlay-type":"","overlay-color":"","overlay-opacity":"","overlay-gradient":""},"tablet":{"background-color":"","background-image":"","background-repeat":"repeat","background-position":"center center","background-size":"auto","background-attachment":"scroll","background-type":"","background-media":"","overlay-type":"","overlay-color":"","overlay-opacity":"","overlay-gradient":""},"mobile":{"background-color":"","background-image":"","background-repeat":"repeat","background-position":"center center","background-size":"auto","background-attachment":"scroll","background-type":"","background-media":"","overlay-type":"","overlay-color":"","overlay-opacity":"","overlay-gradient":""}},"ast-content-background-meta":{"desktop":{"background-color":"var(--ast-global-color-5)","background-image":"","background-repeat":"repeat","background-position":"center center","background-size":"auto","background-attachment":"scroll","background-type":"","background-media":"","overlay-type":"","overlay-color":"","overlay-opacity":"","overlay-gradient":""},"tablet":{"background-color":"var(--ast-global-color-5)","background-image":"","background-repeat":"repeat","background-position":"center center","background-size":"auto","background-attachment":"scroll","background-type":"","background-media":"","overlay-type":"","overlay-color":"","overlay-opacity":"","overlay-gradient":""},"mobile":{"background-color":"var(--ast-global-color-5)","background-image":"","background-repeat":"repeat","background-position":"center center","background-size":"auto","background-attachment":"scroll","background-type":"","background-media":"","overlay-type":"","overlay-color":"","overlay-opacity":"","overlay-gradient":""}},"_themeisle_gutenberg_block_has_review":false,"footnotes":""},"categories":[1],"tags":[],"class_list":["post-9613","post","type-post","status-publish","format-standard","hentry","category-uncategorized-bs"],"_links":{"self":[{"href":"https:\/\/bosniauknetwork.org\/bs\/wp-json\/wp\/v2\/posts\/9613","targetHints":{"allow":["GET"]}}],"collection":[{"href":"https:\/\/bosniauknetwork.org\/bs\/wp-json\/wp\/v2\/posts"}],"about":[{"href":"https:\/\/bosniauknetwork.org\/bs\/wp-json\/wp\/v2\/types\/post"}],"author":[{"embeddable":true,"href":"https:\/\/bosniauknetwork.org\/bs\/wp-json\/wp\/v2\/users\/1"}],"replies":[{"embeddable":true,"href":"https:\/\/bosniauknetwork.org\/bs\/wp-json\/wp\/v2\/comments?post=9613"}],"version-history":[{"count":0,"href":"https:\/\/bosniauknetwork.org\/bs\/wp-json\/wp\/v2\/posts\/9613\/revisions"}],"wp:attachment":[{"href":"https:\/\/bosniauknetwork.org\/bs\/wp-json\/wp\/v2\/media?parent=9613"}],"wp:term":[{"taxonomy":"category","embeddable":true,"href":"https:\/\/bosniauknetwork.org\/bs\/wp-json\/wp\/v2\/categories?post=9613"},{"taxonomy":"post_tag","embeddable":true,"href":"https:\/\/bosniauknetwork.org\/bs\/wp-json\/wp\/v2\/tags?post=9613"}],"curies":[{"name":"wp","href":"https:\/\/api.w.org\/{rel}","templated":true}]}}